{"id":12833,"date":"2026-09-02T14:06:52","date_gmt":"2026-09-02T17:06:52","guid":{"rendered":"https:\/\/ipa-aip.org\/?p=12833"},"modified":"2026-09-02T14:15:08","modified_gmt":"2026-09-02T17:15:08","slug":"sete-frentes-a-luta-do-sahel-pela-soberania","status":"publish","type":"post","link":"https:\/\/ipa-aip.org\/pt-br\/2026\/09\/02\/sete-frentes-a-luta-do-sahel-pela-soberania\/","title":{"rendered":"Sete Frentes: A Luta do Sahel pela Soberania"},"content":{"rendered":"\n<p class=\"wp-block-paragraph\">Em 24 de agosto de 2026, 45 deputados <a href=\"https:\/\/anp.ne\/1ere-session-du-parlement-confederal-de-laes-les-deputes-confederaux-installes\/\">tomaram<\/a> assento no centro de confer\u00eancias Mahatma Gandhi, em Niamey, para a sess\u00e3o inaugural do Parlamento Confederal da Alian\u00e7a dos Estados do Sahel (AES), sendo 15 de cada um dos pa\u00edses: Mali, Burkina Faso e N\u00edger. Trata-se da \u00faltima grande pe\u00e7a de uma arquitetura institucional que j\u00e1 conta com uma bandeira, um passaporte biom\u00e9trico comum, uma rede de televis\u00e3o confederada e, no papel, um banco de desenvolvimento de 500 bilh\u00f5es de francos CFA. Duzentos quil\u00f4metros ao norte, em Agadez, cerca de 1.800 toneladas de ur\u00e2nio nigerino est\u00e3o armazenadas, nacionalizadas do grupo nuclear franc\u00eas Orano em junho de 2025 e, 14 meses depois, ainda n\u00e3o vendidas, bloqueadas por uma decis\u00e3o de arbitragem internacional que Niamey <a href=\"https:\/\/www.theafricareport.com\/420199\/niger-nationalised-its-uranium-but-it-cant-find-a-buyer\/\">amea\u00e7ou,<\/a> mas ainda n\u00e3o desobedeceu.<\/p>\n\n\n\n<p class=\"wp-block-paragraph\">\u201cA independ\u00eancia chegou a 53 pa\u00edses com 53 bandeiras, portanto, foi a soberania das bandeiras\u201d, afirmou Youlouka Damiba, secret\u00e1rio-geral do Comit\u00ea Internacional de Burkina Faso para o Memorial Thomas Sankara, durante a <a href=\"https:\/\/albamovimientos.net\/declaracion-final-iv-asamblea-continental-de-alba-movimientos-por-el-socialismo-cien-anos-caminando-con-fidel\/\">Quarta Assembleia Continental<\/a> ALBA Movimentos, em Havana, no in\u00edcio de agosto de 2026. Ele descrevia um continente que ainda funciona com controles cambiais herdados, ex\u00e9rcitos moldados por for\u00e7as estrangeiras e economias baseadas na exporta\u00e7\u00e3o de mat\u00e9rias-primas. O aparato estatal da AES est\u00e1 se consolidando mais rapidamente do que suas reivindica\u00e7\u00f5es de soberania est\u00e3o se concretizando. Essa lacuna \u00e9 melhor avaliada em rela\u00e7\u00e3o \u00e0s sete frentes que Damiba definiu como ainda a serem conquistadas: soberania fiscal e monet\u00e1ria, controle da narrativa, transforma\u00e7\u00e3o cultural e espiritual, o confronto com o islamismo pol\u00edtico armado, a luta militar pelo territ\u00f3rio, a transforma\u00e7\u00e3o produtiva e uma pol\u00edtica externa independente. Esse quadro estrutura o que se segue.<\/p>\n\n\n\n<p class=\"wp-block-paragraph\">Al\u00e9m disso, Damiba enumera as amea\u00e7as externas adicionais, como guerras por procura\u00e7\u00e3o, san\u00e7\u00f5es, bloqueios, guerra jur\u00eddica e uma guerra de informa\u00e7\u00e3o travada especificamente contra \u201co modelo socialista no Sahel\u201d. Ele tamb\u00e9m destaca amea\u00e7as internas, incluindo: burocracia, corrup\u00e7\u00e3o, uma \u201cburguesia de Estado\u201d e o cansa\u00e7o de uma popula\u00e7\u00e3o a quem se exige sacrif\u00edcio cont\u00ednuo. O discurso de Damiba diz muito sobre a situa\u00e7\u00e3o em que a AES se encontra hoje, n\u00e3o apenas quanto \u00e0s for\u00e7as externas que atuam contra a alian\u00e7a, mas tamb\u00e9m sobre como os pr\u00f3prios Estados est\u00e3o optando por lidar com os problemas que enfrentam internamente.<\/p>\n\n\n\n<h3 class=\"wp-block-heading\"><strong>Um padr\u00e3o com hist\u00f3ria<\/strong><\/h3>\n\n\n\n<p class=\"wp-block-paragraph\">Nenhuma dessas sete frentes \u00e9 nova. Cada uma tem um precedente no Sahel que remonta a seis d\u00e9cadas. Cada uma foi revertida por uma coaliz\u00e3o de press\u00e3o externa e uma fac\u00e7\u00e3o interna disposta a trocar soberania por poder. Essa hist\u00f3ria, e n\u00e3o os pr\u00f3prios comunicados da AES, \u00e9 o par\u00e2metro contra o qual suas alega\u00e7\u00f5es atuais devem ser avaliadas. O primeiro presidente do Mali, Modibo Ke\u00efta, rompeu com a zona do franco CFA em julho de 1962, <a href=\"https:\/\/www.jstor.org\/stable\/44715457\">afirmando<\/a> ao comit\u00ea central de seu partido que o novo franco maliano era \u201cuma declara\u00e7\u00e3o de guerra pol\u00edtica e econ\u00f4mica\u201d contra a Fran\u00e7a. Paris impediu o retorno do Mali \u00e0 uni\u00e3o monet\u00e1ria regional por 17 anos; um acordo de 1967 <a href=\"https:\/\/euacademic.org\/UploadArticle\/3834.pdf\">restabeleceu<\/a> a supervis\u00e3o francesa, um golpe derrubou Ke\u00efta em 1968 e o Mali <a href=\"https:\/\/euacademic.org\/UploadArticle\/3834.pdf\">voltou a integrar<\/a> a zona do franco CFA em julho de 1984.<\/p>\n\n\n\n<p class=\"wp-block-paragraph\">A soberania fiscal tamb\u00e9m custou o governo a Hamani Diori, o primeiro presidente do N\u00edger. Ele foi derrubado em abril de 1974 enquanto renegociava os termos do contrato de ur\u00e2nio com a Fran\u00e7a em Arlit, onde o Estado <a href=\"https:\/\/www.jstor.org\/stable\/44715457\">recebia<\/a>, na \u00e9poca, apenas um ter\u00e7o do lucro projetado. O movimento de independ\u00eancia do N\u00edger oferece um caso ainda mais antigo. O partido Sawaba, de Djibo Bakary, fez campanha pela independ\u00eancia total, em vez da autonomia limitada oferecida pela Fran\u00e7a em 1958. Nove dias antes do referendo sobre essa independ\u00eancia, o administrador colonial Jean Colombani <a href=\"https:\/\/socialistchina.org\/2024\/06\/04\/quiet-please-were-decolonising\/\">destituiu<\/a> Bakary do poder de forma definitiva, no que hoje \u00e9 descrito como o primeiro golpe de Estado moderno da \u00c1frica. O partido Sawaba, de Bakary, mais tarde travou sua pr\u00f3pria campanha de guerrilha a partir do ex\u00edlio, em 1964 e 1965, com apoio chin\u00eas. A repress\u00e3o apoiada pela Fran\u00e7a, sob o governo de Diori, esmagou o movimento. Os combatentes capturados foram torturados e v\u00e1rios foram executados diante de multid\u00f5es reunidas.<\/p>\n\n\n\n<p class=\"wp-block-paragraph\">Essa resist\u00eancia anticolonial \u00e9 um fio condutor cont\u00ednuo. No Alto Volta, o governo de Thomas Sankara deu continuidade \u00e0s ambi\u00e7\u00f5es continentais de Bakary por meio do Movimento dos Pa\u00edses N\u00e3o Alinhados, discursando na Assembleia Geral da ONU em 1984 e perante 180 delega\u00e7\u00f5es internacionais em nome de Cuba e da Nicar\u00e1gua em 1986, antes de tamb\u00e9m ser derrubado por um golpe em outubro de 1987. Em maio de 2024, o atual governo do N\u00edger criou uma medalha oficial, a Sarauniya Mangou, em homenagem ao sacrif\u00edcio pela causa da soberania, batizando-a em homenagem \u00e0 rainha que lutou contra as tropas coloniais francesas no s\u00e9culo XIX.<\/p>\n\n\n\n<h3 class=\"wp-block-heading\"><strong>Controlar os recursos, controlar a narrativa<\/strong><\/h3>\n\n\n\n<p class=\"wp-block-paragraph\">Quatorze meses ap\u00f3s nacionalizar a Soma\u00efr, subsidi\u00e1ria de ur\u00e2nio da Orano, o governo do N\u00edger n\u00e3o <a href=\"https:\/\/www.theafricareport.com\/420199\/niger-nationalised-its-uranium-but-it-cant-find-a-buyer\/\">vendeu<\/a> nada de seu estoque. Ele est\u00e1 bloqueado por uma decis\u00e3o de arbitragem internacional mantida em vigor pelo pr\u00f3prio lit\u00edgio da Orano, o que demonstra o tipo de influ\u00eancia jur\u00eddica que uma concession\u00e1ria francesa desapossada ainda pode exercer, mesmo ap\u00f3s perder o pr\u00f3prio ativo.<\/p>\n\n\n\n<p class=\"wp-block-paragraph\">Burkina Faso, o quarto maior produtor de ouro da \u00c1frica, teve um desempenho melhor no papel, <a href=\"https:\/\/www.mining.com\/web\/burkina-faso-completes-nationalization-of-five-gold-mining-assets\/\">transferindo cinco minas<\/a> da Endeavour Mining e da Lilium para a empresa estatal SOPAMIB em junho de 2026 e se beneficiando de um aumento de 27% no pre\u00e7o do ouro. O Mali imp\u00f4s um <a href=\"https:\/\/www.dabafinance.com\/en\/news\/barrick-gold-reaches-deal-with-mali-to-end-mining-dispute\">acordo de US$ 438 milh\u00f5es \u00e0 Barrick Gold<\/a> em 2025, com base em seu c\u00f3digo de minera\u00e7\u00e3o revisado, embora a produ\u00e7\u00e3o industrial ainda tenha ca\u00eddo 23% em 2024. O pr\u00f3prio banco de investimentos da confedera\u00e7\u00e3o, o BCID, <a href=\"https:\/\/www.financialafrik.com\/2026\/08\/16\/mais-ou-est-donc-passee-la-banque-de-laes\/\">n\u00e3o realizou nenhum desembolso<\/a> oito meses ap\u00f3s seu lan\u00e7amento, em dezembro de 2025, e o Mali ratificou um novo empr\u00e9stimo de US$ 33 milh\u00f5es do Banco Mundial para o setor el\u00e9trico na mesma semana em que seu pr\u00f3prio <a href=\"https:\/\/bamada.net\/mali-le-fonds-minier-dinfrastructures-mobilise-plus-de-109-milliards-de-fcfa-une-nouvelle-etape-vers-la-transformation-des-ressources-naturelles-en-developpement\">fundo de infraestrutura de minera\u00e7\u00e3o informou ter mobilizado<\/a> mais de 109 bilh\u00f5es de francos CFA. A soberania afirmada no n\u00edvel da propriedade ainda n\u00e3o se tornou soberania no n\u00edvel da receita.<\/p>\n\n\n\n<p class=\"wp-block-paragraph\">A transforma\u00e7\u00e3o produtiva \u00e9 a \u00e1rea em que os governos atuais t\u00eam tentado mais explicitamente herdar o legado de Sankara, em vez de apenas invoc\u00e1-lo. O governo de Sankara continua sendo a refer\u00eancia hist\u00f3rica mais clara do que a transforma\u00e7\u00e3o liderada pelo Estado realmente proporcionou: dez milh\u00f5es de \u00e1rvores plantadas no \u00e2mbito de um programa de desenvolvimento de quinze meses; a taxa de alfabetiza\u00e7\u00e3o nacional aumentou de 12% para 22% em dois anos; e <a href=\"https:\/\/thetricontinental.org\/pan-africa\/newsletter-the-economics-of-thomas-sankara\/\">a produ\u00e7\u00e3o de cereais<\/a> passou de 1,1 milh\u00e3o para 1,6 milh\u00e3o de toneladas entre 1983 e 1987, levando o \u00edndice de autossufici\u00eancia alimentar do pa\u00eds a um pico de 129% sem importa\u00e7\u00f5es (<em>Thomas Sankara Speaks: The Burkina Faso Revolution, 1983\u201387<\/em>).<\/p>\n\n\n\n<p class=\"wp-block-paragraph\">Antes de ser derrubado pelo golpe de 1968, o governo de Ke\u00efta, no Mali, buscava o mesmo objetivo por meio de infraestrutura financiada pela Uni\u00e3o Sovi\u00e9tica e pela China, incluindo pesquisa em minera\u00e7\u00e3o, o Est\u00e1dio Modibo Ke\u00efta e empr\u00e9stimos sem juros voltados para o <em>Office du Niger<\/em>. Em Burkina Faso, <a href=\"https:\/\/peoplesdispatch.org\/2025\/08\/04\/sankaras-revolution-rises-again\/\">o atual governo de Ibrahim Traor\u00e9 retomou diretamente essa linha de a\u00e7\u00e3o<\/a>, distribuindo 400 tratores e bombas motorizadas a cooperativas rurais em 2025: continuidade de m\u00e9todo, mas ainda n\u00e3o de escala. A iniciativa confederal conta com melhores recursos, mas est\u00e1 em um est\u00e1gio inicial de seu ciclo. <a href=\"https:\/\/www.sidwaya.info\/souverainete-energetique-et-miniere-faire-des-ressources-naturelles-la-force-motrice-dun-sahel-nouveau\/\">Os ministros de energia e minera\u00e7\u00e3o<\/a> da AES, <a href=\"https:\/\/www.sidwaya.info\/souverainete-energetique-et-miniere-faire-des-ressources-naturelles-la-force-motrice-dun-sahel-nouveau\/\">que se reuniram pela primeira vez<\/a> em agosto de 2026, declararam os recursos como \u201ca base de nossa justi\u00e7a social\u201d, mas n\u00e3o produziram nenhum c\u00f3digo harmonizado. O N\u00edger <a href=\"https:\/\/www.actuniger.com\/societe\/22278-niger-le-groupe-zimar-sengage-a-mobiliser-1-9-milliard-usd-pour-la-realisation-dune-raffinerie-a-dosso.html\">assinou<\/a> em agosto <a href=\"https:\/\/www.actuniger.com\/societe\/22278-niger-le-groupe-zimar-sengage-a-mobiliser-1-9-milliard-usd-pour-la-realisation-dune-raffinerie-a-dosso.html\">um acordo de refinaria no valor de US$ 1,9 bilh\u00e3o<\/a> com o Grupo Zimar do Canad\u00e1, que, at\u00e9 o momento, \u00e9 apenas um an\u00fancio e nada mais.<\/p>\n\n\n\n<p class=\"wp-block-paragraph\">O controle dos recursos veio acompanhado de uma tentativa igualmente deliberada de controlar a narrativa sobre eles. A segunda frente mencionada por Damiba \u2014 controlar e moldar a narrativa sobre o processo \u2014 \u00e9 a mais antiga de todas, conduzida h\u00e1 oito d\u00e9cadas a partir de Paris. O Tesouro Monet\u00e1rio da Fran\u00e7a atuava tamb\u00e9m como guardi\u00e3o da informa\u00e7\u00e3o da regi\u00e3o, supervisionando os comit\u00eas que produzem a an\u00e1lise econ\u00f4mica oficial da zona do franco e, por meio de seu longo <a href=\"https:\/\/www.jstor.org\/stable\/j.ctv1g6q8w3\">envolvimento<\/a> com ve\u00edculos como <em>a Jeune Afrique<\/em>, tamb\u00e9m sua cobertura pol\u00edtica. A resposta da AES foi construir sua pr\u00f3pria infraestrutura paralela. <a href=\"https:\/\/www.trtafrika.com\/english\/article\/dc2bafb39806\">A AES Television foi lan\u00e7ada<\/a> em Bamako em dezembro de 2025, com a presen\u00e7a dos tr\u00eas chefes de Estado, explicitamente apresentada como uma iniciativa para combater a \u201cdesinforma\u00e7\u00e3o\u201d e construir uma \u201csoberania midi\u00e1tica compartilhada\u201d. O legislativo de Burkina Faso <a href=\"https:\/\/www.capmad.com\/post\/transitional-legislative-assembly-clears-aes-confederal-media-in-burkina-faso\">ratificou uma emissora de r\u00e1dio confederal<\/a> e um segundo canal de televis\u00e3o em 2026. Pela primeira vez desde a independ\u00eancia, a hist\u00f3ria do Sahel est\u00e1 sendo contada a partir de Bamako, Ouagadougou e Niamey, e n\u00e3o ditada por Paris.<\/p>\n\n\n\n<h3 class=\"wp-block-heading\"><strong>Terreno disputado: f\u00e9, armas e legitimidade<\/strong><\/h3>\n\n\n\n<p class=\"wp-block-paragraph\">Quando os Estados da AES tentaram conferir \u00e0 sua reivindica\u00e7\u00e3o de soberania uma legitimidade anterior a 2023, recorreram \u00e0 hist\u00f3ria. Os pr\u00f3prios documentos de planejamento do Mali fundamentam explicitamente a soberania econ\u00f4mica na governan\u00e7a pr\u00e9-colonial \u2014 citando a Carta de Manden de 1236, os c\u00f3digos jur\u00eddicos do Imp\u00e9rio de Massina e a tradi\u00e7\u00e3o dos manuscritos de Timbuktu, al\u00e9m do argumento de que o desenvolvimento end\u00f3geno <a href=\"https:\/\/thetricontinental.org\/dossier-sahel-alliance-sovereignty\/\">requer<\/a> legitimidade end\u00f3gena, e n\u00e3o apenas capital end\u00f3geno. Esse argumento ganhou, desde ent\u00e3o, express\u00e3o institucional: os tr\u00eas ministros da Cultura <a href=\"https:\/\/www.aa.com.tr\/fr\/afrique\/les-pays-de-l-aes-signent-un-m%C3%A9morandum-d-entente-sur-la-politique-culturelle-commune-de-leur-espace\/3472759\">assinaram uma pol\u00edtica cultural comum da AES<\/a> em S\u00e9gou, em fevereiro de 2025, e <a href=\"https:\/\/www.maliweb.net\/contributions\/2026-2027-annees-de-la-culture-et-de-leducation-un-pari-politique-majeur-3114107.html\">a reforma educacional<\/a> do Mali <a href=\"https:\/\/www.maliweb.net\/contributions\/2026-2027-annees-de-la-culture-et-de-leducation-un-pari-politique-majeur-3114107.html\">para 2026-27<\/a> defende explicitamente a import\u00e2ncia da l\u00edngua: \u201cnenhuma na\u00e7\u00e3o pode construir uma soberania intelectual, cient\u00edfica e cultural duradoura sem atribuir um lugar central \u00e0s suas l\u00ednguas\u201d. O que nada disso alcan\u00e7a ainda \u00e9 especificamente a transforma\u00e7\u00e3o espiritual, distinta da pol\u00edtica cultural ou lingu\u00edstica. Nada nos pr\u00f3prios documentos dos Estados da AES ou nas reportagens sobre eles trata as pr\u00e1ticas religiosas ou tradicionais-espirituais como uma dimens\u00e3o pr\u00f3pria do projeto de soberania, e essa \u00e9 uma lacuna genu\u00edna no que de fato foi constru\u00eddo, n\u00e3o apenas no que foi escrito a respeito.<\/p>\n\n\n\n<p class=\"wp-block-paragraph\">A alega\u00e7\u00e3o de legitimidade que os governos da AES n\u00e3o optaram por contestar \u00e9 a contrarrevolu\u00e7\u00e3o armada e de car\u00e1ter religioso que ocupa seu pr\u00f3prio territ\u00f3rio. A insurg\u00eancia \u00e9 melhor explicada pelo que o Estado deixou de fazer, e n\u00e3o apenas pela teologia. Reconstruir essa capacidade rural \u00e9 exatamente o que a frente de transforma\u00e7\u00e3o produtiva da AES est\u00e1 fazendo agora: <a href=\"https:\/\/peoplesdispatch.org\/2025\/08\/04\/sankaras-revolution-rises-again\/\">distribuir<\/a> m\u00e1quinas para cooperativas rurais. O ajuste estrutural da d\u00e9cada de 1980 cortou os servi\u00e7os veterin\u00e1rios, a extens\u00e3o agr\u00edcola e as reservas de gr\u00e3os que sustentavam os meios de subsist\u00eancia rurais. A Katibat Macina (fundada por Amadou Kouffa, membro fundador do <em>Jama&#8217;at Nasr al-Islam wal Muslimin<\/em> &#8211; JNIM), formada no centro do Mali em 2015, preencheu o v\u00e1cuo resultante ao abolir completamente as taxas de pastagem \u2014 um al\u00edvio material que <a href=\"https:\/\/thetricontinental.org\/dossier-class-struggle-climate-sahel\/\">explica<\/a> o recrutamento mais do que a doutrina.<\/p>\n\n\n\n<p class=\"wp-block-paragraph\">O movimento jihadista n\u00e3o \u00e9 doutrinariamente uniforme: a cis\u00e3o de 2019 entre o JNIM e o Estado Isl\u00e2mico do Grande Saara (ISGS) deveu-se, em parte, ao apelo do ISGS pela coletiviza\u00e7\u00e3o da terra \u2014 um desafio direto \u00e0 posi\u00e7\u00e3o de classe dos chefes pastorais que os pr\u00f3prios grupos constituintes do JNIM haviam preservado. E nos casos em que a expropria\u00e7\u00e3o foi canalizada para a viol\u00eancia \u00e9tnica \u2014 como no assassinato de cerca de 160 civis fulani pela mil\u00edcia dogon Dan Na Ambassagou em Ogossagou, no centro do Mali, em 2019 \u2014, o alvo foi o errado: as comunidades fulani, e n\u00e3o as elites pastorais e administrativas respons\u00e1veis pela expropria\u00e7\u00e3o. O JNIM \u00e9, de qualquer forma, abertamente hostil ao projeto da AES: em um v\u00eddeo de dezembro de 2023, seu <a href=\"https:\/\/www.counterextremism.com\/extremists\/iyad-ag-ghaly\">l\u00edder, Iyad Ag Ghaly,<\/a> exortou seus apoiadores a lutar contra os \u201cgovernos traidores\u201d do Mali, N\u00edger e Burkina Faso ao lado de seus aliados russos, utilizando uma ret\u00f3rica anti-imperialista para defender um projeto que protege as mesmas elites amea\u00e7adas pelas pr\u00f3prias reformas da AES. Isso n\u00e3o \u00e9 uma reivindica\u00e7\u00e3o rival de soberania; \u00e9 a expropria\u00e7\u00e3o defendida como resist\u00eancia, imposta \u00e0 mesma popula\u00e7\u00e3o que a AES est\u00e1 tentando conquistar.<\/p>\n\n\n\n<p class=\"wp-block-paragraph\">No terreno, as for\u00e7as do JNIM e da FLA (Frente de Liberta\u00e7\u00e3o do Azawad) continuam capazes de infligir perdas reais. Em abril de 2026, uma ofensiva <a href=\"https:\/\/sofrep.com\/news\/mission-accomplished-undone-africa-corps-loses-ground-wagner-once-held-in-mali\/\">tomou<\/a> a cidade de Kidal, no norte, em menos de 24 horas, e o ministro da Defesa do Mali, o general Sadio Camara, foi morto no mesmo dia. Trata-se de uma frente genuinamente disputada, n\u00e3o de uma frente estabilizada. Internamente, os VDP (Volunt\u00e1rios para a Defesa da P\u00e1tria) de Burkina Faso e os \u201cvolunt\u00e1rios\u201d <a href=\"https:\/\/afrikinfos-mali.com\/2026\/08\/17\/niger-des-jeunes-de-kourfey-mobilises-comme-volontaires-pour-renforcer-la-securite-a-filingue\/\">rec\u00e9m-mobilizados<\/a> do cant\u00e3o de Kourfey, no N\u00edger, estendem o alcance do Estado diretamente \u00e0s comunidades locais: esse \u00e9 o tipo de defesa popular de que falam os l\u00edderes da AES.<\/p>\n\n\n\n<h3 class=\"wp-block-heading\"><strong>Diplomacia no exterior e o que realmente mudou de m\u00e3os<\/strong><\/h3>\n\n\n\n<p class=\"wp-block-paragraph\">A diplomacia soberana \u00e9 a frente em que a AES construiu a mais ampla rede de parceiros que qualquer governo do Sahel j\u00e1 reuniu desde a independ\u00eancia, atuando por meio de canais que a Fran\u00e7a ou a CEDEAO nunca aprovaram. <a href=\"https:\/\/mondafrique.com\/decryptage\/sahel-cascade-de-liberations-et-de-mediations-complexe\/\">A liberta\u00e7\u00e3o<\/a>, neste m\u00eas, <a href=\"https:\/\/mondafrique.com\/decryptage\/sahel-cascade-de-liberations-et-de-mediations-complexe\/\">de 82 soldados malineses<\/a> mantidos em cativeiro pela Frente de Liberta\u00e7\u00e3o do Azawad (FLA) foi mediada por Marrocos, Catar, Arg\u00e9lia, Rep\u00fablica do Congo, Togo e a L\u00edbia de Khalifa Haftar \u2014 um conjunto genuinamente diversificado de rela\u00e7\u00f5es constru\u00eddo em menos de tr\u00eas anos. <a href=\"https:\/\/www.afrik.com\/rapprochement-avec-alger-pourquoi-bamako-a-fini-par-ceder\">A normaliza\u00e7\u00e3o<\/a> das rela\u00e7\u00f5es entre o Mali e a Arg\u00e9lia, em julho de 2026, seguiu a mesma l\u00f3gica, reabrindo um canal pelo corredor de An\u00e9fis. O ministro das Rela\u00e7\u00f5es Exteriores, Abdoulaye Diop, <a href=\"https:\/\/apanews.net\/mali-urges-africa-to-build-technological-autonomy\/\">afirmou<\/a> em uma confer\u00eancia de seguran\u00e7a realizada em agosto em Kigali que a AES representa uma \u201clideran\u00e7a autenticamente africana\u201d: a mesma reivindica\u00e7\u00e3o de diplomacia independente que Bakary e Sankara fizeram antes dele, agora respaldada por uma rede de trabalho mais ampla do que qualquer um deles possu\u00eda.<\/p>\n\n\n\n<p class=\"wp-block-paragraph\">Cada uma das rupturas hist\u00f3ricas aqui tra\u00e7adas terminou da mesma forma: por meio de press\u00e3o externa combinada com um ator interno disposto a trocar soberania por poder. O que est\u00e1 acontecendo hoje na AES \u00e9 uma ruptura real, ainda que incompleta, com o passado. Institui\u00e7\u00f5es est\u00e3o sendo constru\u00eddas e o controle dos recursos, embora ainda n\u00e3o esteja funcionando plenamente, est\u00e1 sendo afirmado: as receitas dos recursos que antes flu\u00edam por meio de concession\u00e1rias francesas agora ficam, de forma desigual, com a SOPAMIB, a SOPAMIN e os pr\u00f3prios fundos de minera\u00e7\u00e3o. A refinaria de ouro apoiada pela R\u00fassia e o projeto chin\u00eas de l\u00edtio em Goulamina respondem a uma l\u00f3gica de acumula\u00e7\u00e3o diferente daquela da Orano e da Endeavour Mining. Essa \u00e9 a ess\u00eancia material da reivindica\u00e7\u00e3o de soberania. \u00c9 real, mesmo quando, como no caso do ur\u00e2nio n\u00e3o vendido do N\u00edger, ainda n\u00e3o se converteu em receita.<\/p>\n\n\n\n<p class=\"wp-block-paragraph\">O que as sete frentes apresentadas por Damiba descrevem n\u00e3o \u00e9 uma \u00fanica reforma, mas uma tentativa, com apenas tr\u00eas anos de exist\u00eancia, de reconstruir a soberania em todas as dimens\u00f5es da vida de uma s\u00f3 vez: moeda, minera\u00e7\u00e3o, cultura, f\u00e9, alimenta\u00e7\u00e3o e defesa juntas, contra um inimigo que ainda trabalha para reverter isso. A AES busca alcan\u00e7ar o que Ke\u00efta, Bakary e Sankara buscaram e perderam. Desta vez, com mais territ\u00f3rio, mais aliados e uma confedera\u00e7\u00e3o formada por tr\u00eas estados, em vez de um \u00fanico governo isolado. O poder popular que este projeto reivindica como seu alicerce \u2014 a mesma mobiliza\u00e7\u00e3o cidad\u00e3 que Damiba descreveu em Havana \u2014 \u00e9 o que o levou at\u00e9 aqui e com o que ele conta para lev\u00e1-lo ainda mais longe.<\/p>\n","protected":false},"excerpt":{"rendered":"<p>Em 24 de agosto de 2026, 45 deputados tomaram assento no centro de confer\u00eancias Mahatma Gandhi, em Niamey, para a sess\u00e3o inaugural do Parlamento Confederal da Alian\u00e7a dos Estados do Sahel (AES), sendo 15 de cada um dos pa\u00edses: Mali, Burkina Faso e N\u00edger. Trata-se da \u00faltima grande pe\u00e7a de uma arquitetura institucional que j\u00e1 [&hellip;]<\/p>\n","protected":false},"author":4,"featured_media":12832,"comment_status":"closed","ping_status":"closed","sticky":false,"template":"","format":"standard","meta":{"_acf_changed":false,"footnotes":""},"categories":[212],"tags":[162,187],"class_list":["post-12833","post","type-post","status-publish","format-standard","has-post-thumbnail","hentry","category-articles","tag-anti-imperialismo","tag-poder-politico"],"blocksy_meta":{"styles_descriptor":{"styles":{"desktop":"","tablet":"","mobile":""},"google_fonts":[],"version":7}},"acf":[],"_links":{"self":[{"href":"https:\/\/ipa-aip.org\/pt-br\/wp-json\/wp\/v2\/posts\/12833","targetHints":{"allow":["GET"]}}],"collection":[{"href":"https:\/\/ipa-aip.org\/pt-br\/wp-json\/wp\/v2\/posts"}],"about":[{"href":"https:\/\/ipa-aip.org\/pt-br\/wp-json\/wp\/v2\/types\/post"}],"author":[{"embeddable":true,"href":"https:\/\/ipa-aip.org\/pt-br\/wp-json\/wp\/v2\/users\/4"}],"replies":[{"embeddable":true,"href":"https:\/\/ipa-aip.org\/pt-br\/wp-json\/wp\/v2\/comments?post=12833"}],"version-history":[{"count":1,"href":"https:\/\/ipa-aip.org\/pt-br\/wp-json\/wp\/v2\/posts\/12833\/revisions"}],"predecessor-version":[{"id":12834,"href":"https:\/\/ipa-aip.org\/pt-br\/wp-json\/wp\/v2\/posts\/12833\/revisions\/12834"}],"wp:featuredmedia":[{"embeddable":true,"href":"https:\/\/ipa-aip.org\/pt-br\/wp-json\/wp\/v2\/media\/12832"}],"wp:attachment":[{"href":"https:\/\/ipa-aip.org\/pt-br\/wp-json\/wp\/v2\/media?parent=12833"}],"wp:term":[{"taxonomy":"category","embeddable":true,"href":"https:\/\/ipa-aip.org\/pt-br\/wp-json\/wp\/v2\/categories?post=12833"},{"taxonomy":"post_tag","embeddable":true,"href":"https:\/\/ipa-aip.org\/pt-br\/wp-json\/wp\/v2\/tags?post=12833"}],"curies":[{"name":"wp","href":"https:\/\/api.w.org\/{rel}","templated":true}]}}