{"id":12830,"date":"2026-09-02T14:06:52","date_gmt":"2026-09-02T17:06:52","guid":{"rendered":"https:\/\/ipa-aip.org\/?p=12830"},"modified":"2026-09-02T14:38:50","modified_gmt":"2026-09-02T17:38:50","slug":"sept-fronts-la-lutte-du-sahel-pour-la-souverainete","status":"publish","type":"post","link":"https:\/\/ipa-aip.org\/fr\/2026\/09\/02\/sept-fronts-la-lutte-du-sahel-pour-la-souverainete\/","title":{"rendered":"Sept fronts : la lutte du Sahel pour la souverainet\u00e9"},"content":{"rendered":"\n<p class=\"wp-block-paragraph\">Le 24 ao\u00fbt 2026, 45 d\u00e9put\u00e9s <a href=\"https:\/\/anp.ne\/1ere-session-du-parlement-confederal-de-laes-les-deputes-confederaux-installes\/\" target=\"_blank\" rel=\"noopener\">ont pris<\/a> place au centre de conf\u00e9rences Mahatma Gandhi de Niamey pour la session inaugurale du Parlement conf\u00e9d\u00e9ral de l\u2019Alliance des \u00c9tats du Sahel (AES), \u00e0 raison de quinze d\u00e9put\u00e9s pour chacun des trois pays (le Mali, le Burkina Faso et le Niger). Il s\u2019agit de la derni\u00e8re pi\u00e8ce ma\u00eetresse d\u2019une architecture institutionnelle qui comprend d\u00e9j\u00e0 un drapeau, un passeport biom\u00e9trique commun, une cha\u00eene de t\u00e9l\u00e9vision conf\u00e9d\u00e9rale et, sur le papier, une banque de d\u00e9veloppement dot\u00e9e de 500 milliards de francs CFA. \u00c0 deux cents kilom\u00e8tres au nord, \u00e0 Agadez, quelque 1 800 tonnes d\u2019uranium nig\u00e9rien sont entrepos\u00e9es. Nationalis\u00e9es en juin 2025 aupr\u00e8s du groupe nucl\u00e9aire fran\u00e7ais Orano, elles sont, quatorze mois plus tard, toujours invendues, bloqu\u00e9es par une d\u00e9cision d\u2019arbitrage international que Niamey a <a href=\"https:\/\/www.theafricareport.com\/420199\/niger-nationalised-its-uranium-but-it-cant-find-a-buyer\/\" target=\"_blank\" rel=\"noopener\">menac\u00e9<\/a> de d\u00e9fier sans toutefois passer \u00e0 l\u2019acte.<\/p>\n\n\n\n<p class=\"wp-block-paragraph\">\u00ab L\u2019ind\u00e9pendance est arriv\u00e9e dans 53 pays avec 53 drapeaux : c\u2019\u00e9tait donc la souverainet\u00e9 des drapeaux \u00bb, a d\u00e9clar\u00e9 Youlouka Damiba, secr\u00e9taire g\u00e9n\u00e9ral du Comit\u00e9 international du Burkina Faso pour le m\u00e9morial Thomas Sankara, lors de la <a href=\"https:\/\/albamovimientos.net\/declaracion-final-iv-asamblea-continental-de-alba-movimientos-por-el-socialismo-cien-anos-caminando-con-fidel\/\" target=\"_blank\" rel=\"noopener\">quatri\u00e8me Assembl\u00e9e continentale<\/a> d\u2019ALBA Movimientos, \u00e0 La Havane, au d\u00e9but du mois d\u2019ao\u00fbt 2026. Il d\u00e9crivait un continent qui fonctionne encore selon des contr\u00f4les des changes h\u00e9rit\u00e9s du pass\u00e9, des arm\u00e9es fa\u00e7onn\u00e9es par des puissances \u00e9trang\u00e8res et des \u00e9conomies fond\u00e9es sur l\u2019exportation de mati\u00e8res premi\u00e8res. L\u2019appareil d\u2019\u00c9tat de l\u2019AES se met en place plus rapidement que ne se concr\u00e9tisent ses revendications de souverainet\u00e9. Cet \u00e9cart se mesure le mieux \u00e0 l\u2019aune des sept fronts que Damiba a d\u00e9sign\u00e9s comme restant \u00e0 conqu\u00e9rir : la souverainet\u00e9 fiscale et mon\u00e9taire, le contr\u00f4le du r\u00e9cit, la transformation culturelle et spirituelle, la confrontation avec l\u2019islam politique arm\u00e9, la lutte militaire pour le territoire, la transformation productive et une politique \u00e9trang\u00e8re ind\u00e9pendante. C\u2019est ce cadre qui structure l\u2019analyse qui suit.<\/p>\n\n\n\n<p class=\"wp-block-paragraph\">\u00c0 ces fronts, Damiba ajoute les menaces ext\u00e9rieures que constituent les guerres par procuration, les sanctions, les blocus, la guerre juridique et une guerre de l\u2019information men\u00e9e sp\u00e9cifiquement contre \u00ab le mod\u00e8le socialiste au Sahel \u00bb. Il met \u00e9galement en \u00e9vidence des menaces internes, notamment la bureaucratie, la corruption, une \u00ab bourgeoisie d\u2019\u00c9tat \u00bb et la lassitude d\u2019une population \u00e0 laquelle sont demand\u00e9s des sacrifices prolong\u00e9s. Le discours de Damiba en dit long sur la situation actuelle de l\u2019AES : non seulement sur les forces ext\u00e9rieures qui s\u2019opposent \u00e0 l\u2019alliance, mais aussi sur la mani\u00e8re dont les \u00c9tats eux-m\u00eames choisissent de traiter les probl\u00e8mes auxquels ils sont confront\u00e9s sur le plan int\u00e9rieur.<\/p>\n\n\n\n<h3 class=\"wp-block-heading\"><em>Un sch\u00e9ma qui a une histoire<\/em><\/h3>\n\n\n\n<p class=\"wp-block-paragraph\">Aucun de ces sept fronts n\u2019est nouveau. Chacun poss\u00e8de un pr\u00e9c\u00e9dent sah\u00e9lien remontant \u00e0 six d\u00e9cennies. Chacun a \u00e9t\u00e9 invers\u00e9 par une coalition de pressions ext\u00e9rieures et une faction interne pr\u00eate \u00e0 troquer la souverainet\u00e9 contre le pouvoir. C\u2019est cette histoire, et non les propres communiqu\u00e9s de l\u2019AES, qui constitue le cadre \u00e0 l\u2019aune duquel ses revendications actuelles doivent \u00eatre \u00e9valu\u00e9es.<\/p>\n\n\n\n<p class=\"wp-block-paragraph\">Le premier pr\u00e9sident du Mali, Modibo Ke\u00efta, s\u2019est retir\u00e9 de la zone du franc CFA en juillet 1962, <a href=\"https:\/\/www.jstor.org\/stable\/44715457\" target=\"_blank\" rel=\"noopener\">d\u00e9clarant<\/a> au comit\u00e9 central de son parti que le nouveau franc malien \u00e9tait \u00ab une d\u00e9claration de guerre politique et \u00e9conomique \u00bb contre la France. Paris a bloqu\u00e9 le retour du Mali dans l\u2019union mon\u00e9taire r\u00e9gionale pendant dix-sept ans. Un accord conclu en 1967 a <a href=\"https:\/\/euacademic.org\/UploadArticle\/3834.pdf\" target=\"_blank\" rel=\"noopener\">r\u00e9tabli<\/a> la tutelle fran\u00e7aise, un coup d\u2019\u00c9tat a renvers\u00e9 Ke\u00efta en 1968, et le Mali a <a href=\"https:\/\/euacademic.org\/UploadArticle\/3834.pdf\" target=\"_blank\" rel=\"noopener\">r\u00e9int\u00e9gr\u00e9<\/a> la zone CFA en juillet 1984.<\/p>\n\n\n\n<p class=\"wp-block-paragraph\">La souverainet\u00e9 budg\u00e9taire a \u00e9galement co\u00fbt\u00e9 son gouvernement \u00e0 Hamani Diori, le premier pr\u00e9sident du Niger, renvers\u00e9 en avril 1974 alors qu\u2019il ren\u00e9gociait les conditions d\u2019exploitation de l\u2019uranium nig\u00e9rien \u00e0 Arlit, o\u00f9 l\u2019\u00c9tat ne <a href=\"https:\/\/www.jstor.org\/stable\/44715457\" target=\"_blank\" rel=\"noopener\">percevait<\/a> alors gu\u00e8re plus d\u2019un tiers des b\u00e9n\u00e9fices pr\u00e9vus. Le mouvement ind\u00e9pendantiste nig\u00e9rien offre un exemple plus ancien encore. Le parti Sawaba de Djibo Bakary a fait campagne pour l\u2019ind\u00e9pendance totale, plut\u00f4t que pour l\u2019autonomie limit\u00e9e propos\u00e9e par la France en 1958. Neuf jours avant le r\u00e9f\u00e9rendum sur cette ind\u00e9pendance, l\u2019administrateur colonial Jean Colombani a purement et simplement <a href=\"https:\/\/socialistchina.org\/2024\/06\/04\/quiet-please-were-decolonising\/\" target=\"_blank\" rel=\"noopener\">destitu\u00e9<\/a> Bakary, dans ce qui est aujourd\u2019hui d\u00e9crit comme le premier coup d\u2019\u00c9tat moderne d\u2019Afrique. Le parti Sawaba de Bakary a ensuite men\u00e9 sa propre campagne de gu\u00e9rilla depuis l\u2019exil, en 1964 et 1965, avec le soutien de la Chine. La r\u00e9pression soutenue par la France sous le gouvernement de Diori l\u2019a \u00e9cras\u00e9e. Les combattants captur\u00e9s ont \u00e9t\u00e9 tortur\u00e9s et plusieurs ont \u00e9t\u00e9 ex\u00e9cut\u00e9s devant des foules rassembl\u00e9es.<\/p>\n\n\n\n<p class=\"wp-block-paragraph\">Cette r\u00e9sistance anticoloniale constitue un fil conducteur. En Haute-Volta, le gouvernement de Thomas Sankara a poursuivi les ambitions continentales de Bakary par l\u2019interm\u00e9diaire du Mouvement des pays non align\u00e9s. Il s\u2019est adress\u00e9 \u00e0 l\u2019Assembl\u00e9e g\u00e9n\u00e9rale des Nations unies en 1984 et \u00e0 180 d\u00e9l\u00e9gations internationales au nom de Cuba et du Nicaragua en 1986, avant d\u2019\u00eatre lui aussi renvers\u00e9 par un coup d\u2019\u00c9tat en octobre 1987.<\/p>\n\n\n\n<p class=\"wp-block-paragraph\">En mai 2024, le gouvernement actuel du Niger a cr\u00e9\u00e9 une m\u00e9daille officielle, la Sarauniya Mangou, destin\u00e9e \u00e0 r\u00e9compenser le sacrifice accompli pour la cause de la souverainet\u00e9, en lui donnant le nom d\u2019une reine du XIXe si\u00e8cle.<\/p>\n\n\n\n<h3 class=\"wp-block-heading\"><em>Contr\u00f4ler les ressources, contr\u00f4ler le r\u00e9cit<\/em><\/h3>\n\n\n\n<p class=\"wp-block-paragraph\">Quatorze mois apr\u00e8s avoir nationalis\u00e9 Soma\u00efr, la filiale d\u2019Orano sp\u00e9cialis\u00e9e dans l\u2019uranium, le gouvernement nig\u00e9rien n\u2019a <a href=\"https:\/\/www.theafricareport.com\/420199\/niger-nationalised-its-uranium-but-it-cant-find-a-buyer\/\">vendu<\/a> aucune partie de ses stocks. Ceux-ci sont bloqu\u00e9s par une d\u00e9cision d\u2019arbitrage international, maintenue en vigueur \u00e0 la suite des proc\u00e9dures engag\u00e9es par Orano. Cette situation illustre le type de levier juridique dont un concessionnaire fran\u00e7ais d\u00e9poss\u00e9d\u00e9 peut encore disposer, m\u00eame apr\u00e8s avoir perdu l\u2019actif lui-m\u00eame.<\/p>\n\n\n\n<p class=\"wp-block-paragraph\">Le Burkina Faso, quatri\u00e8me producteur d\u2019or d\u2019Afrique, s\u2019en est mieux sorti sur le papier. En juin 2026, il <a href=\"https:\/\/www.mining.com\/web\/burkina-faso-completes-nationalization-of-five-gold-mining-assets\/\" target=\"_blank\" rel=\"noopener\">a transf\u00e9r\u00e9 cinq mines<\/a> appartenant \u00e0 Endeavour Mining et \u00e0 Lilium \u00e0 la soci\u00e9t\u00e9 d\u2019\u00c9tat SOPAMIB, tout en b\u00e9n\u00e9ficiant d\u2019une hausse de 27% du cours de l\u2019or. En 2025, le Mali a obtenu de <a href=\"https:\/\/www.dabafinance.com\/en\/news\/barrick-gold-reaches-deal-with-mali-to-end-mining-dispute\" target=\"_blank\" rel=\"noopener\">Barrick Gold un r\u00e8glement de 438 millions de dollars<\/a> en vertu de son code minier r\u00e9vis\u00e9, bien que la production industrielle ait tout de m\u00eame chut\u00e9 de 23% en 2024.<\/p>\n\n\n\n<p class=\"wp-block-paragraph\">La banque d\u2019investissement de la Conf\u00e9d\u00e9ration, la BCID, <a href=\"https:\/\/www.financialafrik.com\/2026\/08\/16\/mais-ou-est-donc-passee-la-banque-de-laes\/\" target=\"_blank\" rel=\"noopener\">n\u2019avait effectu\u00e9 aucun d\u00e9caissement<\/a> huit mois apr\u00e8s son lancement en d\u00e9cembre 2025. Par ailleurs, le Mali a ratifi\u00e9 un nouveau pr\u00eat de 33 millions de dollars de la Banque mondiale destin\u00e9 au secteur de l\u2019\u00e9lectricit\u00e9, la m\u00eame semaine o\u00f9 son propre <a href=\"https:\/\/bamada.net\/mali-le-fonds-minier-dinfrastructures-mobilise-plus-de-109-milliards-de-fcfa-une-nouvelle-etape-vers-la-transformation-des-ressources-naturelles-en-developpement\" target=\"_blank\" rel=\"noopener\">fonds d\u00e9di\u00e9 aux infrastructures mini\u00e8res annon\u00e7ait avoir mobilis\u00e9<\/a> plus de 109 milliards de francs CFA. La souverainet\u00e9 affirm\u00e9e au niveau de la propri\u00e9t\u00e9 ne s\u2019est pas encore transform\u00e9e en souverainet\u00e9 au niveau des recettes.<\/p>\n\n\n\n<p class=\"wp-block-paragraph\">C\u2019est dans le domaine de la transformation productive que les gouvernements actuels ont le plus explicitement tent\u00e9 de s\u2019inscrire dans l\u2019h\u00e9ritage de Sankara, plut\u00f4t que de se contenter de l\u2019invoquer. Le gouvernement de Sankara reste la r\u00e9f\u00e9rence historique la plus claire de ce qu\u2019une transformation men\u00e9e par l\u2019\u00c9tat a effectivement permis d\u2019accomplir : dix millions d\u2019arbres plant\u00e9s dans le cadre d\u2019un programme de d\u00e9veloppement de quinze mois ; un taux d\u2019alphab\u00e9tisation national pass\u00e9 de 12 \u00e0 22 % en deux ans ; et une <a href=\"https:\/\/thetricontinental.org\/pan-africa\/newsletter-the-economics-of-thomas-sankara\/\" target=\"_blank\" rel=\"noopener\">production c\u00e9r\u00e9ali\u00e8re<\/a> pass\u00e9e de 1,1 million \u00e0 1,6 million de tonnes entre 1983 et 1987, portant le taux de couverture alimentaire du pays \u00e0 un niveau record de 129 % sans importations.<\/p>\n\n\n\n<p class=\"wp-block-paragraph\">Avant que le coup d\u2019\u00c9tat de 1968 n\u2019y mette fin, le gouvernement de Ke\u00efta au Mali poursuivait le m\u00eame objectif gr\u00e2ce \u00e0 des infrastructures financ\u00e9es par l\u2019Union sovi\u00e9tique et la Chine, notamment dans le domaine de la recherche mini\u00e8re, ainsi qu\u2019au stade Modibo Ke\u00efta et \u00e0 des pr\u00eats sans int\u00e9r\u00eat destin\u00e9s \u00e0 l\u2019Office du Niger.<\/p>\n\n\n\n<p class=\"wp-block-paragraph\"><a href=\"https:\/\/peoplesdispatch.org\/2025\/08\/04\/sankaras-revolution-rises-again\/\" target=\"_blank\" rel=\"noopener\">Le gouvernement de Traor\u00e9 a directement repris cette approche en distribuant<\/a>, en 2025, 400 tracteurs et des pompes motoris\u00e9es aux coop\u00e9ratives rurales : une continuit\u00e9 dans la m\u00e9thode, mais pas encore dans l\u2019ampleur. L\u2019initiative conf\u00e9d\u00e9rale dispose de ressources plus importantes, mais elle en est encore \u00e0 ses d\u00e9buts.<\/p>\n\n\n\n<p class=\"wp-block-paragraph\">Les ministres de l\u2019<a href=\"https:\/\/www.sidwaya.info\/souverainete-energetique-et-miniere-faire-des-ressources-naturelles-la-force-motrice-dun-sahel-nouveau\/\" target=\"_blank\" rel=\"noopener\">\u00c9nergie et des Mines de l\u2019AES, qui se sont r\u00e9unis pour la premi\u00e8re fois<\/a> en ao\u00fbt 2026, ont d\u00e9clar\u00e9 que les ressources constituaient \u00ab le fondement de notre justice sociale \u00bb, mais n\u2019ont produit aucun code harmonis\u00e9. En ao\u00fbt, le Niger a <a href=\"https:\/\/www.actuniger.com\/societe\/22278-niger-le-groupe-zimar-sengage-a-mobiliser-1-9-milliard-usd-pour-la-realisation-dune-raffinerie-a-dosso.html\" target=\"_blank\" rel=\"noopener\">sign\u00e9 avec le groupe canadien Zimar un accord de 1,9 milliard de dollars pour la construction d\u2019une raffinerie<\/a> ; pour l\u2019instant, il ne s\u2019agit que d\u2019une annonce, rien de plus.<\/p>\n\n\n\n<p class=\"wp-block-paragraph\">Le contr\u00f4le des ressources s\u2019est accompagn\u00e9 d\u2019une tentative tout aussi d\u00e9lib\u00e9r\u00e9e de contr\u00f4ler le r\u00e9cit qui en est fait. Le deuxi\u00e8me front \u00e9voqu\u00e9 par Damiba, le contr\u00f4le et la construction du r\u00e9cit sur le processus, est le plus ancien de tous, men\u00e9 par Paris depuis huit d\u00e9cennies.<\/p>\n\n\n\n<p class=\"wp-block-paragraph\">Le Tr\u00e9sor fran\u00e7ais a \u00e9galement jou\u00e9 le r\u00f4le de gardien de l\u2019information dans la r\u00e9gion, en supervisant les comit\u00e9s qui produisent l\u2019analyse \u00e9conomique officielle de la zone franc et, gr\u00e2ce \u00e0 ses <a href=\"https:\/\/www.jstor.org\/stable\/j.ctv1g6q8w3\" target=\"_blank\" rel=\"noopener\">liens<\/a> anciens avec des m\u00e9dias comme Jeune Afrique, en influen\u00e7ant \u00e9galement la couverture politique de la r\u00e9gion.<\/p>\n\n\n\n<p class=\"wp-block-paragraph\">La r\u00e9ponse de l\u2019AES a consist\u00e9 \u00e0 mettre en place sa propre infrastructure parall\u00e8le. <a href=\"https:\/\/www.trtafrika.com\/english\/article\/dc2bafb39806\" target=\"_blank\" rel=\"noopener\">AES T\u00e9l\u00e9vision a \u00e9t\u00e9 lanc\u00e9e<\/a> \u00e0 Bamako en d\u00e9cembre 2025 en pr\u00e9sence des trois chefs d\u2019\u00c9tat, avec pour objectif explicite de lutter contre la \u00ab d\u00e9sinformation \u00bb et de construire une \u00ab souverainet\u00e9 m\u00e9diatique partag\u00e9e \u00bb. Le Parlement burkinab\u00e9 <a href=\"https:\/\/www.capmad.com\/post\/transitional-legislative-assembly-clears-aes-confederal-media-in-burkina-faso\" target=\"_blank\" rel=\"noopener\">a ratifi\u00e9 la cr\u00e9ation d\u2019une radio conf\u00e9d\u00e9rale<\/a> et d\u2019une deuxi\u00e8me cha\u00eene de t\u00e9l\u00e9vision en 2026. Pour la premi\u00e8re fois depuis les ind\u00e9pendances, l\u2019histoire du Sahel est racont\u00e9e depuis Bamako, Ouagadougou et Niamey, et non plus dict\u00e9e depuis Paris.<\/p>\n\n\n\n<h3 class=\"wp-block-heading\"><em>Un terrain contest\u00e9 : foi, armes et l\u00e9gitimit\u00e9<\/em><\/h3>\n\n\n\n<p class=\"wp-block-paragraph\">Lorsque les \u00c9tats de l\u2019AES ont cherch\u00e9 \u00e0 conf\u00e9rer \u00e0 leur revendication de souverainet\u00e9 une l\u00e9gitimit\u00e9 ant\u00e9rieure \u00e0 2023, ils se sont tourn\u00e9s vers l\u2019histoire. Les documents de planification du Mali fondent explicitement la souverainet\u00e9 \u00e9conomique sur la gouvernance pr\u00e9coloniale (en citant la Charte du Manden de 1236, les codes juridiques de l\u2019empire du Massina et la tradition des manuscrits de Tombouctou) et avancent l\u2019argument selon lequel le d\u00e9veloppement endog\u00e8ne <a href=\"https:\/\/thetricontinental.org\/dossier-sahel-alliance-sovereignty\/\" target=\"_blank\" rel=\"noopener\">exige une<\/a> l\u00e9gitimit\u00e9 endog\u00e8ne, et pas seulement des capitaux endog\u00e8nes.<\/p>\n\n\n\n<p class=\"wp-block-paragraph\">Cet argument s\u2019est depuis concr\u00e9tis\u00e9 au niveau institutionnel. Les trois ministres de la Culture <a href=\"https:\/\/www.aa.com.tr\/fr\/afrique\/les-pays-de-l-aes-signent-un-m%C3%A9morandum-d-entente-sur-la-politique-culturelle-commune-de-leur-espace\/3472759\" target=\"_blank\" rel=\"noopener\">ont sign\u00e9 une politique culturelle commune de l\u2019AES<\/a> \u00e0 S\u00e9gou en f\u00e9vrier 2025, et la <a href=\"https:\/\/www.maliweb.net\/contributions\/2026-2027-annees-de-la-culture-et-de-leducation-un-pari-politique-majeur-3114107.html\" target=\"_blank\" rel=\"noopener\">r\u00e9forme malienne de l\u2019\u00e9ducation pour 2026-2027<\/a> met explicitement en avant la question linguistique : \u00ab aucune nation ne peut construire une souverainet\u00e9 intellectuelle, scientifique et culturelle durable sans accorder une place centrale \u00e0 ses langues \u00bb.<\/p>\n\n\n\n<p class=\"wp-block-paragraph\">Ce que tout cela n\u2019aborde pas encore, c\u2019est la transformation spirituelle en tant que telle, distincte de la politique culturelle ou linguistique. Rien, ni dans les documents des \u00c9tats de l\u2019AES eux-m\u00eames ni dans les comptes rendus qui leur sont consacr\u00e9s, ne traite les pratiques religieuses ou spirituelles traditionnelles comme une dimension \u00e0 part enti\u00e8re du projet de souverainet\u00e9. Il s\u2019agit l\u00e0 d\u2019une v\u00e9ritable lacune dans ce qui a r\u00e9ellement \u00e9t\u00e9 mis en place, et pas seulement dans ce qui a \u00e9t\u00e9 \u00e9crit \u00e0 ce sujet.<\/p>\n\n\n\n<p class=\"wp-block-paragraph\">La revendication de l\u00e9gitimit\u00e9 que les gouvernements de l\u2019AES n\u2019ont pas choisi de contester est celle de la contre-r\u00e9volution arm\u00e9e \u00e0 caract\u00e8re religieux qui occupe leur propre territoire. L\u2019insurrection s\u2019explique mieux par ce que l\u2019\u00c9tat a cess\u00e9 de faire que par la seule th\u00e9ologie.<\/p>\n\n\n\n<p class=\"wp-block-paragraph\">Reconstruire cette capacit\u00e9 d\u2019action dans les zones rurales est pr\u00e9cis\u00e9ment ce que cherche \u00e0 faire le front de transformation productive de l\u2019AES, notamment en <a href=\"https:\/\/peoplesdispatch.org\/2025\/08\/04\/sankaras-revolution-rises-again\/\" target=\"_blank\" rel=\"noopener\">distribuant<\/a> des machines aux coop\u00e9ratives rurales. Les programmes d\u2019ajustement structurel des ann\u00e9es 1980 ont supprim\u00e9 les services v\u00e9t\u00e9rinaires, la vulgarisation agricole et les r\u00e9serves c\u00e9r\u00e9ali\u00e8res qui soutenaient les moyens de subsistance des populations rurales.<\/p>\n\n\n\n<p class=\"wp-block-paragraph\">La Katibat Macina, fond\u00e9e par Amadou Kouffa (membre fondateur du JNIM) et cr\u00e9\u00e9e dans le centre du Mali en 2015, a combl\u00e9 le vide ainsi cr\u00e9\u00e9 en supprimant purement et simplement les redevances de p\u00e2turage. Cette aide mat\u00e9rielle <a href=\"https:\/\/thetricontinental.org\/dossier-class-struggle-climate-sahel\/\" target=\"_blank\" rel=\"noopener\">explique<\/a> davantage le recrutement que la doctrine.<\/p>\n\n\n\n<p class=\"wp-block-paragraph\">Le mouvement djihadiste n\u2019est pas doctrinalement homog\u00e8ne. La scission de 2019 entre le JNIM (<em>Jama\u2019a Nusrat ul-Islam wa al-Muslimin<\/em>, l\u2019un des groupes arm\u00e9s djihadistes les plus actifs au Mali aujourd\u2019hui) et l\u2019\u00c9tat islamique dans le Grand Sahara (ISGS) s\u2019est notamment jou\u00e9e autour de l\u2019appel de l\u2019ISGS \u00e0 la collectivisation des terres, un d\u00e9fi direct \u00e0 la position de classe des chefs pastoraux que les groupes constitutifs du JNIM avaient pr\u00e9serv\u00e9e.<\/p>\n\n\n\n<p class=\"wp-block-paragraph\">L\u00e0 o\u00f9 la d\u00e9possession s\u2019est plut\u00f4t traduite par des violences ethniques, comme lors du massacre d\u2019environ 160 civils peuls \u00e0 Ogossagou, dans le centre du Mali, en 2019, par la milice dogon Dan Na Ambassagou, la cible a \u00e9t\u00e9 la mauvaise : ce sont les communaut\u00e9s peules qui ont \u00e9t\u00e9 vis\u00e9es, et non les \u00e9lites pastorales et administratives responsables de la d\u00e9possession.<\/p>\n\n\n\n<p class=\"wp-block-paragraph\">Le JNIM est, en tout \u00e9tat de cause, ouvertement hostile au projet de l\u2019AES. Dans une vid\u00e9o de d\u00e9cembre 2023, son <a href=\"https:\/\/www.counterextremism.com\/extremists\/iyad-ag-ghaly\" target=\"_blank\" rel=\"noopener\">chef, Iyad Ag Ghaly<\/a>, a exhort\u00e9 ses partisans \u00e0 combattre les \u00ab gouvernements tra\u00eetres \u00bb du Mali, du Niger et du Burkina Faso aux c\u00f4t\u00e9s de leurs alli\u00e9s russes, en reprenant un discours anti-imp\u00e9rialiste au service d\u2019un projet qui prot\u00e8ge les m\u00eames \u00e9lites que celles menac\u00e9es par les r\u00e9formes de l\u2019AES. Il ne s\u2019agit pas d\u2019une revendication souveraine rivale : c\u2019est une d\u00e9possession pr\u00e9sent\u00e9e comme une r\u00e9sistance, impos\u00e9e \u00e0 la m\u00eame population que l\u2019AES tente de rallier \u00e0 sa cause.<\/p>\n\n\n\n<p class=\"wp-block-paragraph\">Sur le terrain, les forces du JNIM et du FLA (Front de lib\u00e9ration de l\u2019Azawad) restent capables d\u2019infliger de lourdes pertes. En avril 2026, une offensive a <a href=\"https:\/\/sofrep.com\/news\/mission-accomplished-undone-africa-corps-loses-ground-wagner-once-held-in-mali\/\" target=\"_blank\" rel=\"noopener\">permis<\/a> de s\u2019emparer de la ville de Kidal, dans le nord, en moins de 24 heures, et le ministre malien de la D\u00e9fense, le g\u00e9n\u00e9ral Sadio Camara, a \u00e9t\u00e9 tu\u00e9 le m\u00eame jour. Il s\u2019agit donc encore d\u2019un front v\u00e9ritablement disput\u00e9, et non d\u2019un front stabilis\u00e9.<\/p>\n\n\n\n<p class=\"wp-block-paragraph\">Sur le plan int\u00e9rieur, les VDP (Volontaires pour la d\u00e9fense de la patrie) du Burkina Faso et les \u00ab volontaires \u00bb du canton de Kourfey, r\u00e9cemment <a href=\"https:\/\/afrikinfos-mali.com\/2026\/08\/17\/niger-des-jeunes-de-kourfey-mobilises-comme-volontaires-pour-renforcer-la-securite-a-filingue\/\" target=\"_blank\" rel=\"noopener\">mobilis\u00e9s<\/a> au Niger, \u00e9tendent l\u2019emprise de l\u2019\u00c9tat directement au sein des communaut\u00e9s locales. C\u2019est ce type de d\u00e9fense populaire dont parlent les dirigeants de l\u2019AES.<\/p>\n\n\n\n<h3 class=\"wp-block-heading\"><em>La diplomatie \u00e0 l\u2019\u00e9tranger et ce qui a r\u00e9ellement chang\u00e9 de mains<\/em><\/h3>\n\n\n\n<p class=\"wp-block-paragraph\">La diplomatie souveraine est le front sur lequel l\u2019AES a construit le r\u00e9seau de partenaires le plus vaste qu\u2019un gouvernement sah\u00e9lien ait constitu\u00e9 depuis les ind\u00e9pendances, en empruntant des voies que ni la France ni la CEDEAO n\u2019avaient approuv\u00e9es.<\/p>\n\n\n\n<p class=\"wp-block-paragraph\"><a href=\"https:\/\/mondafrique.com\/decryptage\/sahel-cascade-de-liberations-et-de-mediations-complexe\/\" target=\"_blank\" rel=\"noopener\">La lib\u00e9ration, ce mois-ci, de 82 soldats maliens<\/a> d\u00e9tenus par le FLA a \u00e9t\u00e9 n\u00e9goci\u00e9e par l\u2019interm\u00e9diaire du Maroc, du Qatar, de l\u2019Alg\u00e9rie, de la R\u00e9publique du Congo, du Togo et de la Libye de Khalifa Haftar. Il s\u2019agit d\u2019un ensemble v\u00e9ritablement diversifi\u00e9 de relations \u00e9tabli en moins de trois ans.<\/p>\n\n\n\n<p class=\"wp-block-paragraph\">La <a href=\"https:\/\/www.afrik.com\/rapprochement-avec-alger-pourquoi-bamako-a-fini-par-ceder\" target=\"_blank\" rel=\"noopener\">normalisation des relations<\/a> entre le Mali et l\u2019Alg\u00e9rie, en juillet 2026, s\u2019est inscrite dans cette m\u00eame logique, en rouvrant un canal de communication par le corridor d\u2019An\u00e9fis. Le ministre des Affaires \u00e9trang\u00e8res, Abdoulaye Diop, <a href=\"https:\/\/apanews.net\/mali-urges-africa-to-build-technological-autonomy\/\" target=\"_blank\" rel=\"noopener\">a d\u00e9clar\u00e9<\/a> lors d\u2019une conf\u00e9rence sur la s\u00e9curit\u00e9 organis\u00e9e \u00e0 Kigali en ao\u00fbt que l\u2019AES repr\u00e9sentait un \u00ab leadership authentiquement africain \u00bb. Il s\u2019agit de la m\u00eame revendication d\u2019une diplomatie ind\u00e9pendante que Bakary et Sankara avaient formul\u00e9e avant lui, d\u00e9sormais soutenue par un r\u00e9seau op\u00e9rationnel plus vaste que celui dont disposait l\u2019un ou l\u2019autre.<\/p>\n\n\n\n<p class=\"wp-block-paragraph\">Chacune des ruptures historiques retrac\u00e9es ici s\u2019est termin\u00e9e de la m\u00eame mani\u00e8re : par une pression ext\u00e9rieure combin\u00e9e \u00e0 l\u2019action d\u2019un acteur interne pr\u00eat \u00e0 troquer la souverainet\u00e9 contre le pouvoir.<\/p>\n\n\n\n<p class=\"wp-block-paragraph\">Ce qui se passe aujourd\u2019hui au sein de l\u2019AES constitue une v\u00e9ritable rupture, bien qu\u2019incompl\u00e8te, avec le pass\u00e9. Des institutions se mettent en place et le contr\u00f4le des ressources, bien qu\u2019il ne soit pas encore pleinement effectif, s\u2019affirme. Les recettes issues des ressources, qui transitaient autrefois par des concessionnaires fran\u00e7ais, sont d\u00e9sormais r\u00e9parties, de mani\u00e8re in\u00e9gale, entre la SOPAMIB, la SOPAMIN et les fonds miniers eux-m\u00eames. La raffinerie d\u2019or soutenue par la Russie et le projet chinois de lithium \u00e0 Goulamina ob\u00e9issent \u00e0 une logique d\u2019accumulation diff\u00e9rente de celle d\u2019Orano et d\u2019Endeavour Mining.<\/p>\n\n\n\n<p class=\"wp-block-paragraph\">C\u2019est l\u00e0 la substance mat\u00e9rielle de la revendication de souverainet\u00e9. Elle est r\u00e9elle, m\u00eame l\u00e0 o\u00f9, comme dans le cas de l\u2019uranium nig\u00e9rien invendu, elle ne s\u2019est pas encore traduite en recettes.<\/p>\n\n\n\n<p class=\"wp-block-paragraph\">Ce que d\u00e9crivent les sept fronts de Damiba, ce n\u2019est pas une simple r\u00e9forme, mais une tentative, vieille d\u2019\u00e0 peine trois ans, de reconstruire la souverainet\u00e9 dans toutes les dimensions de la vie \u00e0 la fois : la monnaie, l\u2019exploitation mini\u00e8re, la culture, la foi, l\u2019alimentation et la d\u00e9fense, face \u00e0 un ennemi qui s\u2019efforce toujours de faire \u00e9chouer cette entreprise.<\/p>\n\n\n\n<p class=\"wp-block-paragraph\">L\u2019AES tend vers ce que Ke\u00efta, Bakary et Sankara ont tent\u00e9 d\u2019atteindre avant de le perdre. Cette fois, elle dispose de davantage de territoire, de davantage d\u2019alli\u00e9s et d\u2019une conf\u00e9d\u00e9ration constitu\u00e9e de trois \u00c9tats, plut\u00f4t que d\u2019un gouvernement isol\u00e9. Le pouvoir populaire sur lequel ce projet affirme reposer (cette m\u00eame mobilisation citoyenne que Damiba a d\u00e9crite \u00e0 La Havane) est ce qui l\u2019a port\u00e9 jusqu\u2019ici et sur quoi il compte pour aller plus loin.<\/p>\n","protected":false},"excerpt":{"rendered":"<p>Le 24 ao\u00fbt 2026, 45 d\u00e9put\u00e9s ont pris place au centre de conf\u00e9rences Mahatma Gandhi de Niamey pour la session inaugurale du Parlement conf\u00e9d\u00e9ral de l\u2019Alliance des \u00c9tats du Sahel (AES), \u00e0 raison de quinze d\u00e9put\u00e9s pour chacun des trois pays (le Mali, le Burkina Faso et le Niger). Il s\u2019agit de la derni\u00e8re pi\u00e8ce [&hellip;]<\/p>\n","protected":false},"author":4,"featured_media":12829,"comment_status":"closed","ping_status":"closed","sticky":false,"template":"","format":"standard","meta":{"_acf_changed":false,"footnotes":""},"categories":[215],"tags":[164,246],"class_list":["post-12830","post","type-post","status-publish","format-standard","has-post-thumbnail","hentry","category-articles","tag-anti-imperialisme","tag-pouvoir-politique"],"blocksy_meta":{"styles_descriptor":{"styles":{"desktop":"","tablet":"","mobile":""},"google_fonts":[],"version":7}},"acf":[],"_links":{"self":[{"href":"https:\/\/ipa-aip.org\/fr\/wp-json\/wp\/v2\/posts\/12830","targetHints":{"allow":["GET"]}}],"collection":[{"href":"https:\/\/ipa-aip.org\/fr\/wp-json\/wp\/v2\/posts"}],"about":[{"href":"https:\/\/ipa-aip.org\/fr\/wp-json\/wp\/v2\/types\/post"}],"author":[{"embeddable":true,"href":"https:\/\/ipa-aip.org\/fr\/wp-json\/wp\/v2\/users\/4"}],"replies":[{"embeddable":true,"href":"https:\/\/ipa-aip.org\/fr\/wp-json\/wp\/v2\/comments?post=12830"}],"version-history":[{"count":2,"href":"https:\/\/ipa-aip.org\/fr\/wp-json\/wp\/v2\/posts\/12830\/revisions"}],"predecessor-version":[{"id":12836,"href":"https:\/\/ipa-aip.org\/fr\/wp-json\/wp\/v2\/posts\/12830\/revisions\/12836"}],"wp:featuredmedia":[{"embeddable":true,"href":"https:\/\/ipa-aip.org\/fr\/wp-json\/wp\/v2\/media\/12829"}],"wp:attachment":[{"href":"https:\/\/ipa-aip.org\/fr\/wp-json\/wp\/v2\/media?parent=12830"}],"wp:term":[{"taxonomy":"category","embeddable":true,"href":"https:\/\/ipa-aip.org\/fr\/wp-json\/wp\/v2\/categories?post=12830"},{"taxonomy":"post_tag","embeddable":true,"href":"https:\/\/ipa-aip.org\/fr\/wp-json\/wp\/v2\/tags?post=12830"}],"curies":[{"name":"wp","href":"https:\/\/api.w.org\/{rel}","templated":true}]}}