{"id":4856,"date":"2024-03-08T10:47:50","date_gmt":"2024-03-08T10:47:50","guid":{"rendered":"https:\/\/ipa-aip.org\/sin-categorizar\/march-8-porters-gallery-palestinian-women\/"},"modified":"2024-03-19T12:49:38","modified_gmt":"2024-03-19T12:49:38","slug":"8-de-marzo-carteles-galeria-mujeres-palestinas","status":"publish","type":"post","link":"https:\/\/ipa-aip.org\/es\/notas\/8-de-marzo-carteles-galeria-mujeres-palestinas\/","title":{"rendered":"8 de marzo: en defensa de la vida y del territorio de las mujeres palestinas"},"content":{"rendered":"<div class=\"gb-container gb-container-e0cc821d post-header-centered\"><div class=\"gb-inside-container\">\n\n<h1 class=\"gb-headline gb-headline-afe86c1f gb-headline-text\">8 de marzo: en defensa de la vida y del territorio de las mujeres palestinas<\/h1>\n\n\n<p class=\"block-post-date\"><date>8 marzo, 2024<\/date><\/p>\n\n<\/div><\/div>\n\n<div class=\"gb-container gb-container-983af3cd\" id=\"text-right\"><div class=\"gb-inside-container\">\n<div class=\"gb-grid-wrapper gb-grid-wrapper-fa0d0a49\">\n<div class=\"gb-grid-column gb-grid-column-dcc8c539\"><div class=\"gb-container gb-container-dcc8c539\"><div class=\"gb-inside-container\"><\/div><\/div><\/div>\n\n<div class=\"gb-grid-column gb-grid-column-55810cad\"><div class=\"gb-container gb-container-55810cad\"><div class=\"gb-inside-container\">\n\n<p>En este 8 de marzo, D\u00eda Internacional de la Lucha de las Mujeres, nos solidarizamos y nos unimos en lucha con las mujeres palestinas en defensa de la vida y del territorio del pueblo palestino, y para poner fin al genocidio en curso en Gaza. El significado internacionalista del 8 de marzo se demuestra por nuestra unidad y solidaridad: \u00a1Hasta que Palestina sea libre, ninguna mujer ser\u00e1 verdaderamente libre!<\/p>\n\n\n\n<p>A trav\u00e9s de una acci\u00f3n art\u00edstica feminista global entre la Asamblea Internacional de los Pueblos (AIP), ALBA Movimientos, el colectivo Utopix y el medio de comunicaci\u00f3n feminista Capire, lanzamos hoy 44 p\u00f3sters de 17 pa\u00edses en defensa de Palestina y en honor de la lucha de las mujeres palestinas. Esta convocatoria internacional de carteles en solidaridad con las mujeres palestinas ha resultado en esta galer\u00eda que muestra c\u00f3mo el arte es capaz de fortalecer la solidaridad y las alianzas internacionalistas.<\/p>\n\n\n\n<p>Participan artistas de Venezuela, Brasil, Colombia, Puerto Rico, Guatemala, Sud\u00e1frica, T\u00fanez, Kenia, Zimbabwe, India, China, Filipinas, Polonia, Suiza, Suecia, Italia y el Estado Espa\u00f1ol.<\/p>\n\n\n\n<p>El arte promovido en esta convocatoria representa, por un lado, las violencias contra las mujeres palestinas debido a la guerra y al genocidio promovido por Israel, y por otro lado, muestra la fuerza de las mujeres palestinas como eje fundamental para resistir y luchar contra el colonialismo israel\u00ed y el imperialismo estadounidense.Vea algunos de los carteles a continuaci\u00f3n. Visite el <a href=\"https:\/\/utopix.cc\/descargas\/combo-solidaridad-con-las-mujeres-palestinas\/\" target=\"_blank\" rel=\"noreferrer noopener\">sitio web de Utopix<\/a> para descargar los carteles.<\/p>\n\n<\/div><\/div><\/div>\n<\/div>\n<\/div><\/div>\n\n\n<div style=\"height:34px\" aria-hidden=\"true\" class=\"wp-block-spacer\"><\/div>\n\n\n\n<figure class=\"wp-block-gallery has-nested-images columns-default is-cropped wp-block-gallery-1 is-layout-flex wp-block-gallery-is-layout-flex\">\n<figure class=\"wp-block-image size-large\"><img decoding=\"async\" width=\"724\" height=\"1024\" data-id=\"4803\" data-src=\"https:\/\/ipa-aip.org\/wp-content\/uploads\/\/Ada-Omylak-724x1024.jpeg\" alt=\"\" class=\"wp-image-4803 lazyload\" data-srcset=\"https:\/\/ipa-aip.org\/wp-content\/uploads\/\/Ada-Omylak-724x1024.jpeg 724w, https:\/\/ipa-aip.org\/wp-content\/uploads\/\/Ada-Omylak-212x300.jpeg 212w, https:\/\/ipa-aip.org\/wp-content\/uploads\/\/Ada-Omylak-768x1086.jpeg 768w, https:\/\/ipa-aip.org\/wp-content\/uploads\/\/Ada-Omylak-1086x1536.jpeg 1086w, https:\/\/ipa-aip.org\/wp-content\/uploads\/\/Ada-Omylak-1448x2048.jpeg 1448w, https:\/\/ipa-aip.org\/wp-content\/uploads\/\/Ada-Omylak-scaled.jpeg 1810w\" data-sizes=\"(max-width: 724px) 100vw, 724px\" src=\"data:image\/svg+xml;base64,PHN2ZyB3aWR0aD0iMSIgaGVpZ2h0PSIxIiB4bWxucz0iaHR0cDovL3d3dy53My5vcmcvMjAwMC9zdmciPjwvc3ZnPg==\" style=\"--smush-placeholder-width: 724px; --smush-placeholder-aspect-ratio: 724\/1024;\" \/><figcaption class=\"wp-element-caption\">Ada Omylak, Polonia<\/figcaption><\/figure>\n\n\n\n<figure class=\"wp-block-image size-large\"><img decoding=\"async\" width=\"724\" height=\"1024\" data-id=\"4812\" data-src=\"https:\/\/ipa-aip.org\/wp-content\/uploads\/\/America-Latina-Rodriguez-724x1024.png\" alt=\"\" class=\"wp-image-4812 lazyload\" data-srcset=\"https:\/\/ipa-aip.org\/wp-content\/uploads\/\/America-Latina-Rodriguez-724x1024.png 724w, https:\/\/ipa-aip.org\/wp-content\/uploads\/\/America-Latina-Rodriguez-212x300.png 212w, https:\/\/ipa-aip.org\/wp-content\/uploads\/\/America-Latina-Rodriguez-768x1086.png 768w, https:\/\/ipa-aip.org\/wp-content\/uploads\/\/America-Latina-Rodriguez-1086x1536.png 1086w, https:\/\/ipa-aip.org\/wp-content\/uploads\/\/America-Latina-Rodriguez-1448x2048.png 1448w\" data-sizes=\"(max-width: 724px) 100vw, 724px\" src=\"data:image\/svg+xml;base64,PHN2ZyB3aWR0aD0iMSIgaGVpZ2h0PSIxIiB4bWxucz0iaHR0cDovL3d3dy53My5vcmcvMjAwMC9zdmciPjwvc3ZnPg==\" style=\"--smush-placeholder-width: 724px; --smush-placeholder-aspect-ratio: 724\/1024;\" \/><figcaption class=\"wp-element-caption\">Am\u00e9rica Latina Rodriguez, Venezuela<\/figcaption><\/figure>\n\n\n\n<figure class=\"wp-block-image size-large\"><img decoding=\"async\" width=\"741\" height=\"1024\" data-id=\"4815\" data-src=\"https:\/\/ipa-aip.org\/wp-content\/uploads\/\/Claudia-Kfouri-741x1024.jpg\" alt=\"\" class=\"wp-image-4815 lazyload\" data-srcset=\"https:\/\/ipa-aip.org\/wp-content\/uploads\/\/Claudia-Kfouri-741x1024.jpg 741w, https:\/\/ipa-aip.org\/wp-content\/uploads\/\/Claudia-Kfouri-217x300.jpg 217w, https:\/\/ipa-aip.org\/wp-content\/uploads\/\/Claudia-Kfouri-768x1061.jpg 768w, https:\/\/ipa-aip.org\/wp-content\/uploads\/\/Claudia-Kfouri-1112x1536.jpg 1112w, https:\/\/ipa-aip.org\/wp-content\/uploads\/\/Claudia-Kfouri-1483x2048.jpg 1483w, https:\/\/ipa-aip.org\/wp-content\/uploads\/\/Claudia-Kfouri-scaled.jpg 1854w\" data-sizes=\"(max-width: 741px) 100vw, 741px\" src=\"data:image\/svg+xml;base64,PHN2ZyB3aWR0aD0iMSIgaGVpZ2h0PSIxIiB4bWxucz0iaHR0cDovL3d3dy53My5vcmcvMjAwMC9zdmciPjwvc3ZnPg==\" style=\"--smush-placeholder-width: 741px; --smush-placeholder-aspect-ratio: 741\/1024;\" \/><figcaption class=\"wp-element-caption\">Cl\u00e1udia Kfouri, Brasil<\/figcaption><\/figure>\n\n\n\n<figure class=\"wp-block-image size-large\"><img decoding=\"async\" width=\"724\" height=\"1024\" data-id=\"4818\" data-src=\"https:\/\/ipa-aip.org\/wp-content\/uploads\/\/Daisy-Serena-724x1024.jpg\" alt=\"\" class=\"wp-image-4818 lazyload\" data-srcset=\"https:\/\/ipa-aip.org\/wp-content\/uploads\/\/Daisy-Serena-724x1024.jpg 724w, https:\/\/ipa-aip.org\/wp-content\/uploads\/\/Daisy-Serena-212x300.jpg 212w, https:\/\/ipa-aip.org\/wp-content\/uploads\/\/Daisy-Serena-768x1086.jpg 768w, https:\/\/ipa-aip.org\/wp-content\/uploads\/\/Daisy-Serena-1086x1536.jpg 1086w, https:\/\/ipa-aip.org\/wp-content\/uploads\/\/Daisy-Serena-1448x2048.jpg 1448w, https:\/\/ipa-aip.org\/wp-content\/uploads\/\/Daisy-Serena-scaled.jpg 1810w\" data-sizes=\"(max-width: 724px) 100vw, 724px\" src=\"data:image\/svg+xml;base64,PHN2ZyB3aWR0aD0iMSIgaGVpZ2h0PSIxIiB4bWxucz0iaHR0cDovL3d3dy53My5vcmcvMjAwMC9zdmciPjwvc3ZnPg==\" style=\"--smush-placeholder-width: 724px; --smush-placeholder-aspect-ratio: 724\/1024;\" \/><figcaption class=\"wp-element-caption\">Daisy Serena<\/figcaption><\/figure>\n\n\n\n<figure class=\"wp-block-image size-large\"><img decoding=\"async\" width=\"724\" height=\"1024\" data-id=\"4821\" data-src=\"https:\/\/ipa-aip.org\/wp-content\/uploads\/\/Diva-Braga-e-Eveline-Medeiros-02-724x1024.jpg\" alt=\"\" class=\"wp-image-4821 lazyload\" data-srcset=\"https:\/\/ipa-aip.org\/wp-content\/uploads\/\/Diva-Braga-e-Eveline-Medeiros-02-724x1024.jpg 724w, https:\/\/ipa-aip.org\/wp-content\/uploads\/\/Diva-Braga-e-Eveline-Medeiros-02-212x300.jpg 212w, https:\/\/ipa-aip.org\/wp-content\/uploads\/\/Diva-Braga-e-Eveline-Medeiros-02-768x1086.jpg 768w, https:\/\/ipa-aip.org\/wp-content\/uploads\/\/Diva-Braga-e-Eveline-Medeiros-02-1086x1536.jpg 1086w, https:\/\/ipa-aip.org\/wp-content\/uploads\/\/Diva-Braga-e-Eveline-Medeiros-02-1448x2048.jpg 1448w, https:\/\/ipa-aip.org\/wp-content\/uploads\/\/Diva-Braga-e-Eveline-Medeiros-02-scaled.jpg 1810w\" data-sizes=\"(max-width: 724px) 100vw, 724px\" src=\"data:image\/svg+xml;base64,PHN2ZyB3aWR0aD0iMSIgaGVpZ2h0PSIxIiB4bWxucz0iaHR0cDovL3d3dy53My5vcmcvMjAwMC9zdmciPjwvc3ZnPg==\" style=\"--smush-placeholder-width: 724px; --smush-placeholder-aspect-ratio: 724\/1024;\" \/><figcaption class=\"wp-element-caption\">Diva Braga e Eveline Medeiros, Brasil<\/figcaption><\/figure>\n\n\n\n<figure class=\"wp-block-image size-large\"><img decoding=\"async\" width=\"723\" height=\"1024\" data-id=\"4824\" data-src=\"https:\/\/ipa-aip.org\/wp-content\/uploads\/\/Gabriela-Sanchez-723x1024.jpg\" alt=\"\" class=\"wp-image-4824 lazyload\" data-srcset=\"https:\/\/ipa-aip.org\/wp-content\/uploads\/\/Gabriela-Sanchez-723x1024.jpg 723w, https:\/\/ipa-aip.org\/wp-content\/uploads\/\/Gabriela-Sanchez-212x300.jpg 212w, https:\/\/ipa-aip.org\/wp-content\/uploads\/\/Gabriela-Sanchez-768x1088.jpg 768w, https:\/\/ipa-aip.org\/wp-content\/uploads\/\/Gabriela-Sanchez-1084x1536.jpg 1084w, https:\/\/ipa-aip.org\/wp-content\/uploads\/\/Gabriela-Sanchez-1446x2048.jpg 1446w, https:\/\/ipa-aip.org\/wp-content\/uploads\/\/Gabriela-Sanchez-scaled.jpg 1807w\" data-sizes=\"(max-width: 723px) 100vw, 723px\" src=\"data:image\/svg+xml;base64,PHN2ZyB3aWR0aD0iMSIgaGVpZ2h0PSIxIiB4bWxucz0iaHR0cDovL3d3dy53My5vcmcvMjAwMC9zdmciPjwvc3ZnPg==\" style=\"--smush-placeholder-width: 723px; --smush-placeholder-aspect-ratio: 723\/1024;\" \/><figcaption class=\"wp-element-caption\">Gabriela Sanchez, Uruguay<\/figcaption><\/figure>\n\n\n\n<figure class=\"wp-block-image size-large\"><img decoding=\"async\" width=\"724\" height=\"1024\" data-id=\"4827\" data-src=\"https:\/\/ipa-aip.org\/wp-content\/uploads\/\/Headera-724x1024.png\" alt=\"\" class=\"wp-image-4827 lazyload\" data-srcset=\"https:\/\/ipa-aip.org\/wp-content\/uploads\/\/Headera-724x1024.png 724w, https:\/\/ipa-aip.org\/wp-content\/uploads\/\/Headera-212x300.png 212w, https:\/\/ipa-aip.org\/wp-content\/uploads\/\/Headera-768x1086.png 768w, https:\/\/ipa-aip.org\/wp-content\/uploads\/\/Headera-1086x1536.png 1086w, https:\/\/ipa-aip.org\/wp-content\/uploads\/\/Headera-1448x2048.png 1448w\" data-sizes=\"(max-width: 724px) 100vw, 724px\" src=\"data:image\/svg+xml;base64,PHN2ZyB3aWR0aD0iMSIgaGVpZ2h0PSIxIiB4bWxucz0iaHR0cDovL3d3dy53My5vcmcvMjAwMC9zdmciPjwvc3ZnPg==\" style=\"--smush-placeholder-width: 724px; --smush-placeholder-aspect-ratio: 724\/1024;\" \/><figcaption class=\"wp-element-caption\">Headera, It\u00e1lia<\/figcaption><\/figure>\n\n\n\n<figure class=\"wp-block-image size-large\"><img decoding=\"async\" width=\"724\" height=\"1024\" data-id=\"4830\" data-src=\"https:\/\/ipa-aip.org\/wp-content\/uploads\/\/Helena-Zelic-724x1024.png\" alt=\"\" class=\"wp-image-4830 lazyload\" data-srcset=\"https:\/\/ipa-aip.org\/wp-content\/uploads\/\/Helena-Zelic-724x1024.png 724w, https:\/\/ipa-aip.org\/wp-content\/uploads\/\/Helena-Zelic-212x300.png 212w, https:\/\/ipa-aip.org\/wp-content\/uploads\/\/Helena-Zelic-768x1086.png 768w, https:\/\/ipa-aip.org\/wp-content\/uploads\/\/Helena-Zelic-1086x1536.png 1086w, https:\/\/ipa-aip.org\/wp-content\/uploads\/\/Helena-Zelic.png 1414w\" data-sizes=\"(max-width: 724px) 100vw, 724px\" src=\"data:image\/svg+xml;base64,PHN2ZyB3aWR0aD0iMSIgaGVpZ2h0PSIxIiB4bWxucz0iaHR0cDovL3d3dy53My5vcmcvMjAwMC9zdmciPjwvc3ZnPg==\" style=\"--smush-placeholder-width: 724px; --smush-placeholder-aspect-ratio: 724\/1024;\" \/><figcaption class=\"wp-element-caption\">Helena Zelic, Brasil<\/figcaption><\/figure>\n\n\n\n<figure class=\"wp-block-image size-large\"><img decoding=\"async\" width=\"719\" height=\"1024\" data-id=\"4833\" data-src=\"https:\/\/ipa-aip.org\/wp-content\/uploads\/\/Kaouther-Abbes-719x1024.jpeg\" alt=\"\" class=\"wp-image-4833 lazyload\" data-srcset=\"https:\/\/ipa-aip.org\/wp-content\/uploads\/\/Kaouther-Abbes-719x1024.jpeg 719w, https:\/\/ipa-aip.org\/wp-content\/uploads\/\/Kaouther-Abbes-211x300.jpeg 211w, https:\/\/ipa-aip.org\/wp-content\/uploads\/\/Kaouther-Abbes-768x1093.jpeg 768w, https:\/\/ipa-aip.org\/wp-content\/uploads\/\/Kaouther-Abbes.jpeg 899w\" data-sizes=\"(max-width: 719px) 100vw, 719px\" src=\"data:image\/svg+xml;base64,PHN2ZyB3aWR0aD0iMSIgaGVpZ2h0PSIxIiB4bWxucz0iaHR0cDovL3d3dy53My5vcmcvMjAwMC9zdmciPjwvc3ZnPg==\" style=\"--smush-placeholder-width: 719px; --smush-placeholder-aspect-ratio: 719\/1024;\" \/><figcaption class=\"wp-element-caption\">Kaouther Abbes, Sud\u00e1frica<\/figcaption><\/figure>\n\n\n\n<figure class=\"wp-block-image size-large\"><img decoding=\"async\" width=\"724\" height=\"1024\" data-id=\"4836\" data-src=\"https:\/\/ipa-aip.org\/wp-content\/uploads\/\/Karmaleao-724x1024.png\" alt=\"\" class=\"wp-image-4836 lazyload\" data-srcset=\"https:\/\/ipa-aip.org\/wp-content\/uploads\/\/Karmaleao-724x1024.png 724w, https:\/\/ipa-aip.org\/wp-content\/uploads\/\/Karmaleao-212x300.png 212w, https:\/\/ipa-aip.org\/wp-content\/uploads\/\/Karmaleao-768x1086.png 768w, https:\/\/ipa-aip.org\/wp-content\/uploads\/\/Karmaleao-1086x1536.png 1086w, https:\/\/ipa-aip.org\/wp-content\/uploads\/\/Karmaleao-1448x2048.png 1448w\" data-sizes=\"(max-width: 724px) 100vw, 724px\" src=\"data:image\/svg+xml;base64,PHN2ZyB3aWR0aD0iMSIgaGVpZ2h0PSIxIiB4bWxucz0iaHR0cDovL3d3dy53My5vcmcvMjAwMC9zdmciPjwvc3ZnPg==\" style=\"--smush-placeholder-width: 724px; --smush-placeholder-aspect-ratio: 724\/1024;\" \/><figcaption class=\"wp-element-caption\">Karmaleao, Brasil<\/figcaption><\/figure>\n\n\n\n<figure class=\"wp-block-image size-large\"><img decoding=\"async\" width=\"724\" height=\"1024\" data-id=\"4839\" data-src=\"https:\/\/ipa-aip.org\/wp-content\/uploads\/\/Laura-Athayde-724x1024.jpg\" alt=\"\" class=\"wp-image-4839 lazyload\" data-srcset=\"https:\/\/ipa-aip.org\/wp-content\/uploads\/\/Laura-Athayde-724x1024.jpg 724w, https:\/\/ipa-aip.org\/wp-content\/uploads\/\/Laura-Athayde-212x300.jpg 212w, https:\/\/ipa-aip.org\/wp-content\/uploads\/\/Laura-Athayde-768x1086.jpg 768w, https:\/\/ipa-aip.org\/wp-content\/uploads\/\/Laura-Athayde-1086x1536.jpg 1086w, https:\/\/ipa-aip.org\/wp-content\/uploads\/\/Laura-Athayde-1448x2048.jpg 1448w, https:\/\/ipa-aip.org\/wp-content\/uploads\/\/Laura-Athayde-scaled.jpg 1810w\" data-sizes=\"(max-width: 724px) 100vw, 724px\" src=\"data:image\/svg+xml;base64,PHN2ZyB3aWR0aD0iMSIgaGVpZ2h0PSIxIiB4bWxucz0iaHR0cDovL3d3dy53My5vcmcvMjAwMC9zdmciPjwvc3ZnPg==\" style=\"--smush-placeholder-width: 724px; --smush-placeholder-aspect-ratio: 724\/1024;\" \/><figcaption class=\"wp-element-caption\">Laura Athayde, Brasil<\/figcaption><\/figure>\n\n\n\n<figure class=\"wp-block-image size-large\"><img decoding=\"async\" width=\"724\" height=\"1024\" data-id=\"4845\" data-src=\"https:\/\/ipa-aip.org\/wp-content\/uploads\/\/Renata-Lourenco-724x1024.jpg\" alt=\"\" class=\"wp-image-4845 lazyload\" data-srcset=\"https:\/\/ipa-aip.org\/wp-content\/uploads\/\/Renata-Lourenco-724x1024.jpg 724w, https:\/\/ipa-aip.org\/wp-content\/uploads\/\/Renata-Lourenco-212x300.jpg 212w, https:\/\/ipa-aip.org\/wp-content\/uploads\/\/Renata-Lourenco-768x1086.jpg 768w, https:\/\/ipa-aip.org\/wp-content\/uploads\/\/Renata-Lourenco-1086x1536.jpg 1086w, https:\/\/ipa-aip.org\/wp-content\/uploads\/\/Renata-Lourenco-1448x2048.jpg 1448w, https:\/\/ipa-aip.org\/wp-content\/uploads\/\/Renata-Lourenco-scaled.jpg 1810w\" data-sizes=\"(max-width: 724px) 100vw, 724px\" src=\"data:image\/svg+xml;base64,PHN2ZyB3aWR0aD0iMSIgaGVpZ2h0PSIxIiB4bWxucz0iaHR0cDovL3d3dy53My5vcmcvMjAwMC9zdmciPjwvc3ZnPg==\" style=\"--smush-placeholder-width: 724px; --smush-placeholder-aspect-ratio: 724\/1024;\" \/><figcaption class=\"wp-element-caption\">Renata Louren\u00e7o, Brasil<\/figcaption><\/figure>\n<\/figure>\n","protected":false},"excerpt":{"rendered":"<p>Este 8 de marzo, nos sumamos a Capire, Utopix y ALBA Movimientos en Capire en una acci\u00f3n art\u00edstica con 44 carteles de 17 pa\u00edses en defensa de Palestina.<\/p>\n","protected":false},"author":4,"featured_media":4853,"comment_status":"closed","ping_status":"closed","sticky":false,"template":"","format":"standard","meta":{"inline_featured_image":false,"footnotes":""},"categories":[42],"tags":[90,104],"class_list":["post-4856","post","type-post","status-publish","format-standard","has-post-thumbnail","hentry","category-notas","tag-antiimperialismo","tag-derechos"],"yoast_head":"<!-- This site is optimized with the Yoast SEO plugin v26.7 - https:\/\/yoast.com\/wordpress\/plugins\/seo\/ -->\n<title>8 de marzo: en defensa de la vida y del territorio de las mujeres palestinas - AIP<\/title>\n<meta name=\"description\" content=\"Este 8 de marzo, nos sumamos a Capire, Utopix y ALBA Movimientos en Capire en una acci\u00f3n art\u00edstica con 44 carteles de 17 pa\u00edses en defensa de Palestina.\" \/>\n<meta name=\"robots\" content=\"index, follow, max-snippet:-1, max-image-preview:large, max-video-preview:-1\" \/>\n<link rel=\"canonical\" href=\"https:\/\/ipa-aip.org\/es\/notas\/8-de-marzo-carteles-galeria-mujeres-palestinas\/\" \/>\n<meta property=\"og:locale\" content=\"es_ES\" \/>\n<meta property=\"og:type\" content=\"article\" \/>\n<meta property=\"og:title\" content=\"8 de marzo: en defensa de la vida y del territorio de las mujeres palestinas - AIP\" \/>\n<meta property=\"og:description\" content=\"Este 8 de marzo, nos sumamos a Capire, Utopix y ALBA Movimientos en Capire en una acci\u00f3n art\u00edstica con 44 carteles de 17 pa\u00edses en defensa de Palestina.\" \/>\n<meta property=\"og:url\" content=\"https:\/\/ipa-aip.org\/es\/notas\/8-de-marzo-carteles-galeria-mujeres-palestinas\/\" \/>\n<meta property=\"og:site_name\" content=\"AIP\" \/>\n<meta property=\"article:publisher\" content=\"https:\/\/www.facebook.com\/internationalpeoplesassembly\/\" \/>\n<meta property=\"article:published_time\" content=\"2024-03-08T10:47:50+00:00\" \/>\n<meta property=\"article:modified_time\" content=\"2024-03-19T12:49:38+00:00\" \/>\n<meta property=\"og:image\" content=\"https:\/\/ipa-aip.org\/wp-content\/uploads\/site-galeria-palestina.png\" \/>\n\t<meta property=\"og:image:width\" content=\"1084\" \/>\n\t<meta property=\"og:image:height\" content=\"450\" \/>\n\t<meta property=\"og:image:type\" content=\"image\/png\" \/>\n<meta name=\"author\" content=\"vivian\" \/>\n<meta name=\"twitter:card\" content=\"summary_large_image\" \/>\n<meta name=\"twitter:creator\" content=\"@peoplesassembl_\" \/>\n<meta name=\"twitter:site\" content=\"@peoplesassembl_\" \/>\n<meta name=\"twitter:label1\" content=\"Escrito por\" \/>\n\t<meta name=\"twitter:data1\" content=\"vivian\" \/>\n\t<meta name=\"twitter:label2\" content=\"Tiempo de lectura\" \/>\n\t<meta name=\"twitter:data2\" content=\"4 minutos\" \/>\n<script type=\"application\/ld+json\" class=\"yoast-schema-graph\">{\"@context\":\"https:\/\/schema.org\",\"@graph\":[{\"@type\":\"Article\",\"@id\":\"https:\/\/ipa-aip.org\/es\/notas\/8-de-marzo-carteles-galeria-mujeres-palestinas\/#article\",\"isPartOf\":{\"@id\":\"https:\/\/ipa-aip.org\/es\/notas\/8-de-marzo-carteles-galeria-mujeres-palestinas\/\"},\"author\":{\"name\":\"vivian\",\"@id\":\"https:\/\/staging.ipa-aip.org\/es\/#\/schema\/person\/7e2de899c3481e96a85152b82073d028\"},\"headline\":\"8 de marzo: en defensa de la vida y del territorio de las mujeres palestinas\",\"datePublished\":\"2024-03-08T10:47:50+00:00\",\"dateModified\":\"2024-03-19T12:49:38+00:00\",\"mainEntityOfPage\":{\"@id\":\"https:\/\/ipa-aip.org\/es\/notas\/8-de-marzo-carteles-galeria-mujeres-palestinas\/\"},\"wordCount\":323,\"publisher\":{\"@id\":\"https:\/\/staging.ipa-aip.org\/es\/#organization\"},\"image\":{\"@id\":\"https:\/\/ipa-aip.org\/es\/notas\/8-de-marzo-carteles-galeria-mujeres-palestinas\/#primaryimage\"},\"thumbnailUrl\":\"https:\/\/ipa-aip.org\/wp-content\/uploads\/site-galeria-palestina.png\",\"keywords\":[\"Antiimperialismo\",\"Derechos\"],\"articleSection\":[\"Notas\"],\"inLanguage\":\"es\"},{\"@type\":\"WebPage\",\"@id\":\"https:\/\/ipa-aip.org\/es\/notas\/8-de-marzo-carteles-galeria-mujeres-palestinas\/\",\"url\":\"https:\/\/ipa-aip.org\/es\/notas\/8-de-marzo-carteles-galeria-mujeres-palestinas\/\",\"name\":\"8 de marzo: en defensa de la vida y del territorio de las mujeres palestinas - AIP\",\"isPartOf\":{\"@id\":\"https:\/\/staging.ipa-aip.org\/es\/#website\"},\"primaryImageOfPage\":{\"@id\":\"https:\/\/ipa-aip.org\/es\/notas\/8-de-marzo-carteles-galeria-mujeres-palestinas\/#primaryimage\"},\"image\":{\"@id\":\"https:\/\/ipa-aip.org\/es\/notas\/8-de-marzo-carteles-galeria-mujeres-palestinas\/#primaryimage\"},\"thumbnailUrl\":\"https:\/\/ipa-aip.org\/wp-content\/uploads\/site-galeria-palestina.png\",\"datePublished\":\"2024-03-08T10:47:50+00:00\",\"dateModified\":\"2024-03-19T12:49:38+00:00\",\"description\":\"Este 8 de marzo, nos sumamos a Capire, Utopix y ALBA Movimientos en Capire en una acci\u00f3n art\u00edstica con 44 carteles de 17 pa\u00edses en defensa de Palestina.\",\"breadcrumb\":{\"@id\":\"https:\/\/ipa-aip.org\/es\/notas\/8-de-marzo-carteles-galeria-mujeres-palestinas\/#breadcrumb\"},\"inLanguage\":\"es\",\"potentialAction\":[{\"@type\":\"ReadAction\",\"target\":[\"https:\/\/ipa-aip.org\/es\/notas\/8-de-marzo-carteles-galeria-mujeres-palestinas\/\"]}]},{\"@type\":\"ImageObject\",\"inLanguage\":\"es\",\"@id\":\"https:\/\/ipa-aip.org\/es\/notas\/8-de-marzo-carteles-galeria-mujeres-palestinas\/#primaryimage\",\"url\":\"https:\/\/ipa-aip.org\/wp-content\/uploads\/site-galeria-palestina.png\",\"contentUrl\":\"https:\/\/ipa-aip.org\/wp-content\/uploads\/site-galeria-palestina.png\",\"width\":1084,\"height\":450},{\"@type\":\"BreadcrumbList\",\"@id\":\"https:\/\/ipa-aip.org\/es\/notas\/8-de-marzo-carteles-galeria-mujeres-palestinas\/#breadcrumb\",\"itemListElement\":[{\"@type\":\"ListItem\",\"position\":1,\"name\":\"Home\",\"item\":\"https:\/\/ipa-aip.org\/es\/\"},{\"@type\":\"ListItem\",\"position\":2,\"name\":\"8 de marzo: en defensa de la vida y del territorio de las mujeres palestinas\"}]},{\"@type\":\"WebSite\",\"@id\":\"https:\/\/staging.ipa-aip.org\/es\/#website\",\"url\":\"https:\/\/staging.ipa-aip.org\/es\/\",\"name\":\"IPA\",\"description\":\"Internacionalismo de los Pueblos\",\"publisher\":{\"@id\":\"https:\/\/staging.ipa-aip.org\/es\/#organization\"},\"potentialAction\":[{\"@type\":\"SearchAction\",\"target\":{\"@type\":\"EntryPoint\",\"urlTemplate\":\"https:\/\/staging.ipa-aip.org\/es\/?s={search_term_string}\"},\"query-input\":{\"@type\":\"PropertyValueSpecification\",\"valueRequired\":true,\"valueName\":\"search_term_string\"}}],\"inLanguage\":\"es\"},{\"@type\":\"Organization\",\"@id\":\"https:\/\/staging.ipa-aip.org\/es\/#organization\",\"name\":\"International Peoples' Assembly\",\"url\":\"https:\/\/staging.ipa-aip.org\/es\/\",\"logo\":{\"@type\":\"ImageObject\",\"inLanguage\":\"es\",\"@id\":\"https:\/\/staging.ipa-aip.org\/es\/#\/schema\/logo\/image\/\",\"url\":\"https:\/\/ipa-aip.org\/wp-content\/uploads\/ipa-logo-en-1.svg\",\"contentUrl\":\"https:\/\/ipa-aip.org\/wp-content\/uploads\/ipa-logo-en-1.svg\",\"width\":512,\"height\":205,\"caption\":\"International Peoples' Assembly\"},\"image\":{\"@id\":\"https:\/\/staging.ipa-aip.org\/es\/#\/schema\/logo\/image\/\"},\"sameAs\":[\"https:\/\/www.facebook.com\/internationalpeoplesassembly\/\",\"https:\/\/x.com\/peoplesassembl_\",\"https:\/\/www.instagram.com\/peoples.assembly\/\",\"https:\/\/www.youtube.com\/channel\/UCLUhCDMAlvhtJcTxn2Q_UGw\",\"https:\/\/twitter.com\/asambleapueblos\",\"https:\/\/www.instagram.com\/asambleapueblos\/\"]},{\"@type\":\"Person\",\"@id\":\"https:\/\/staging.ipa-aip.org\/es\/#\/schema\/person\/7e2de899c3481e96a85152b82073d028\",\"name\":\"vivian\"}]}<\/script>\n<!-- \/ Yoast SEO plugin. -->","yoast_head_json":{"title":"8 de marzo: en defensa de la vida y del territorio de las mujeres palestinas - AIP","description":"Este 8 de marzo, nos sumamos a Capire, Utopix y ALBA Movimientos en Capire en una acci\u00f3n art\u00edstica con 44 carteles de 17 pa\u00edses en defensa de Palestina.","robots":{"index":"index","follow":"follow","max-snippet":"max-snippet:-1","max-image-preview":"max-image-preview:large","max-video-preview":"max-video-preview:-1"},"canonical":"https:\/\/ipa-aip.org\/es\/notas\/8-de-marzo-carteles-galeria-mujeres-palestinas\/","og_locale":"es_ES","og_type":"article","og_title":"8 de marzo: en defensa de la vida y del territorio de las mujeres palestinas - AIP","og_description":"Este 8 de marzo, nos sumamos a Capire, Utopix y ALBA Movimientos en Capire en una acci\u00f3n art\u00edstica con 44 carteles de 17 pa\u00edses en defensa de Palestina.","og_url":"https:\/\/ipa-aip.org\/es\/notas\/8-de-marzo-carteles-galeria-mujeres-palestinas\/","og_site_name":"AIP","article_publisher":"https:\/\/www.facebook.com\/internationalpeoplesassembly\/","article_published_time":"2024-03-08T10:47:50+00:00","article_modified_time":"2024-03-19T12:49:38+00:00","og_image":[{"width":1084,"height":450,"url":"https:\/\/ipa-aip.org\/wp-content\/uploads\/site-galeria-palestina.png","type":"image\/png"}],"author":"vivian","twitter_card":"summary_large_image","twitter_creator":"@peoplesassembl_","twitter_site":"@peoplesassembl_","twitter_misc":{"Escrito por":"vivian","Tiempo de lectura":"4 minutos"},"schema":{"@context":"https:\/\/schema.org","@graph":[{"@type":"Article","@id":"https:\/\/ipa-aip.org\/es\/notas\/8-de-marzo-carteles-galeria-mujeres-palestinas\/#article","isPartOf":{"@id":"https:\/\/ipa-aip.org\/es\/notas\/8-de-marzo-carteles-galeria-mujeres-palestinas\/"},"author":{"name":"vivian","@id":"https:\/\/staging.ipa-aip.org\/es\/#\/schema\/person\/7e2de899c3481e96a85152b82073d028"},"headline":"8 de marzo: en defensa de la vida y del territorio de las mujeres palestinas","datePublished":"2024-03-08T10:47:50+00:00","dateModified":"2024-03-19T12:49:38+00:00","mainEntityOfPage":{"@id":"https:\/\/ipa-aip.org\/es\/notas\/8-de-marzo-carteles-galeria-mujeres-palestinas\/"},"wordCount":323,"publisher":{"@id":"https:\/\/staging.ipa-aip.org\/es\/#organization"},"image":{"@id":"https:\/\/ipa-aip.org\/es\/notas\/8-de-marzo-carteles-galeria-mujeres-palestinas\/#primaryimage"},"thumbnailUrl":"https:\/\/ipa-aip.org\/wp-content\/uploads\/site-galeria-palestina.png","keywords":["Antiimperialismo","Derechos"],"articleSection":["Notas"],"inLanguage":"es"},{"@type":"WebPage","@id":"https:\/\/ipa-aip.org\/es\/notas\/8-de-marzo-carteles-galeria-mujeres-palestinas\/","url":"https:\/\/ipa-aip.org\/es\/notas\/8-de-marzo-carteles-galeria-mujeres-palestinas\/","name":"8 de marzo: en defensa de la vida y del territorio de las mujeres palestinas - AIP","isPartOf":{"@id":"https:\/\/staging.ipa-aip.org\/es\/#website"},"primaryImageOfPage":{"@id":"https:\/\/ipa-aip.org\/es\/notas\/8-de-marzo-carteles-galeria-mujeres-palestinas\/#primaryimage"},"image":{"@id":"https:\/\/ipa-aip.org\/es\/notas\/8-de-marzo-carteles-galeria-mujeres-palestinas\/#primaryimage"},"thumbnailUrl":"https:\/\/ipa-aip.org\/wp-content\/uploads\/site-galeria-palestina.png","datePublished":"2024-03-08T10:47:50+00:00","dateModified":"2024-03-19T12:49:38+00:00","description":"Este 8 de marzo, nos sumamos a Capire, Utopix y ALBA Movimientos en Capire en una acci\u00f3n art\u00edstica con 44 carteles de 17 pa\u00edses en defensa de Palestina.","breadcrumb":{"@id":"https:\/\/ipa-aip.org\/es\/notas\/8-de-marzo-carteles-galeria-mujeres-palestinas\/#breadcrumb"},"inLanguage":"es","potentialAction":[{"@type":"ReadAction","target":["https:\/\/ipa-aip.org\/es\/notas\/8-de-marzo-carteles-galeria-mujeres-palestinas\/"]}]},{"@type":"ImageObject","inLanguage":"es","@id":"https:\/\/ipa-aip.org\/es\/notas\/8-de-marzo-carteles-galeria-mujeres-palestinas\/#primaryimage","url":"https:\/\/ipa-aip.org\/wp-content\/uploads\/site-galeria-palestina.png","contentUrl":"https:\/\/ipa-aip.org\/wp-content\/uploads\/site-galeria-palestina.png","width":1084,"height":450},{"@type":"BreadcrumbList","@id":"https:\/\/ipa-aip.org\/es\/notas\/8-de-marzo-carteles-galeria-mujeres-palestinas\/#breadcrumb","itemListElement":[{"@type":"ListItem","position":1,"name":"Home","item":"https:\/\/ipa-aip.org\/es\/"},{"@type":"ListItem","position":2,"name":"8 de marzo: en defensa de la vida y del territorio de las mujeres palestinas"}]},{"@type":"WebSite","@id":"https:\/\/staging.ipa-aip.org\/es\/#website","url":"https:\/\/staging.ipa-aip.org\/es\/","name":"IPA","description":"Internacionalismo de los Pueblos","publisher":{"@id":"https:\/\/staging.ipa-aip.org\/es\/#organization"},"potentialAction":[{"@type":"SearchAction","target":{"@type":"EntryPoint","urlTemplate":"https:\/\/staging.ipa-aip.org\/es\/?s={search_term_string}"},"query-input":{"@type":"PropertyValueSpecification","valueRequired":true,"valueName":"search_term_string"}}],"inLanguage":"es"},{"@type":"Organization","@id":"https:\/\/staging.ipa-aip.org\/es\/#organization","name":"International Peoples' Assembly","url":"https:\/\/staging.ipa-aip.org\/es\/","logo":{"@type":"ImageObject","inLanguage":"es","@id":"https:\/\/staging.ipa-aip.org\/es\/#\/schema\/logo\/image\/","url":"https:\/\/ipa-aip.org\/wp-content\/uploads\/ipa-logo-en-1.svg","contentUrl":"https:\/\/ipa-aip.org\/wp-content\/uploads\/ipa-logo-en-1.svg","width":512,"height":205,"caption":"International Peoples' Assembly"},"image":{"@id":"https:\/\/staging.ipa-aip.org\/es\/#\/schema\/logo\/image\/"},"sameAs":["https:\/\/www.facebook.com\/internationalpeoplesassembly\/","https:\/\/x.com\/peoplesassembl_","https:\/\/www.instagram.com\/peoples.assembly\/","https:\/\/www.youtube.com\/channel\/UCLUhCDMAlvhtJcTxn2Q_UGw","https:\/\/twitter.com\/asambleapueblos","https:\/\/www.instagram.com\/asambleapueblos\/"]},{"@type":"Person","@id":"https:\/\/staging.ipa-aip.org\/es\/#\/schema\/person\/7e2de899c3481e96a85152b82073d028","name":"vivian"}]}},"_links":{"self":[{"href":"https:\/\/ipa-aip.org\/es\/wp-json\/wp\/v2\/posts\/4856","targetHints":{"allow":["GET"]}}],"collection":[{"href":"https:\/\/ipa-aip.org\/es\/wp-json\/wp\/v2\/posts"}],"about":[{"href":"https:\/\/ipa-aip.org\/es\/wp-json\/wp\/v2\/types\/post"}],"author":[{"embeddable":true,"href":"https:\/\/ipa-aip.org\/es\/wp-json\/wp\/v2\/users\/4"}],"replies":[{"embeddable":true,"href":"https:\/\/ipa-aip.org\/es\/wp-json\/wp\/v2\/comments?post=4856"}],"version-history":[{"count":3,"href":"https:\/\/ipa-aip.org\/es\/wp-json\/wp\/v2\/posts\/4856\/revisions"}],"predecessor-version":[{"id":4877,"href":"https:\/\/ipa-aip.org\/es\/wp-json\/wp\/v2\/posts\/4856\/revisions\/4877"}],"wp:featuredmedia":[{"embeddable":true,"href":"https:\/\/ipa-aip.org\/es\/wp-json\/wp\/v2\/media\/4853"}],"wp:attachment":[{"href":"https:\/\/ipa-aip.org\/es\/wp-json\/wp\/v2\/media?parent=4856"}],"wp:term":[{"taxonomy":"category","embeddable":true,"href":"https:\/\/ipa-aip.org\/es\/wp-json\/wp\/v2\/categories?post=4856"},{"taxonomy":"post_tag","embeddable":true,"href":"https:\/\/ipa-aip.org\/es\/wp-json\/wp\/v2\/tags?post=4856"}],"curies":[{"name":"wp","href":"https:\/\/api.w.org\/{rel}","templated":true}]}}