{"id":4395,"date":"2023-10-23T16:33:52","date_gmt":"2023-10-23T16:33:52","guid":{"rendered":"https:\/\/ipa-aip.org\/sin-categorizar\/ipa-condemns-attacks-against-newsclick-in-india\/"},"modified":"2023-10-23T16:41:29","modified_gmt":"2023-10-23T16:41:29","slug":"aip-condena-los-ataques-contra-newsclick-en-india","status":"publish","type":"post","link":"https:\/\/ipa-aip.org\/es\/declaraciones\/aip-condena-los-ataques-contra-newsclick-en-india\/","title":{"rendered":"La AIP condena las detenciones ilegales y la intimidaci\u00f3n de periodistas del NewsClick en India"},"content":{"rendered":"<div class=\"gb-container gb-container-da3e9517\"><div class=\"gb-inside-container\">\n\n<h1 class=\"gb-headline gb-headline-fd28833c gb-headline-text\">La AIP condena las detenciones ilegales y la intimidaci\u00f3n de periodistas del NewsClick en India<\/h1>\n\n\n<p class=\"action-link\"><a href=\"\/es\/declaraciones-y-actualizaciones\/\">ACTION<\/a><span>><\/span><\/p><div class=\"tag-list\"><a href=\"https:\/\/ipa-aip.org\/es\/tag\/democracia\/\">Democracia<\/a><a href=\"https:\/\/ipa-aip.org\/es\/tag\/derechos\/\">Derechos<\/a><\/div>\n\n<\/div><\/div>\n\n<div class=\"gb-container gb-container-983af3cd\" id=\"text-right\"><div class=\"gb-inside-container\">\n<div class=\"gb-grid-wrapper gb-grid-wrapper-fa0d0a49\">\n<div class=\"gb-grid-column gb-grid-column-dcc8c539\"><div class=\"gb-container gb-container-dcc8c539\"><div class=\"gb-inside-container\"><\/div><\/div><\/div>\n\n<div class=\"gb-grid-column gb-grid-column-55810cad\"><div class=\"gb-container gb-container-55810cad\"><div class=\"gb-inside-container\">\n\n<p><em>18 de octubre de 2023. Johannesburgo, Sud\u00e1frica.<\/em><\/p>\n\n\n\n<p>La Asamblea Internacional de los Pueblos (AIP) condena en\u00e9rgicamente las detenciones ilegales de Prabir Purkayastha y Amit Chakravarty, de NewsClick, y la intimidaci\u00f3n de m\u00e1s de 50 periodistas por parte de la polic\u00eda de Delhi, India respaldada por el r\u00e9gimen de Modi. Su detenci\u00f3n se bas\u00f3 en un Primer parte informativo (FIR por su sigla en ingl\u00e9s) que, en virtud de la Ley de Prevenci\u00f3n de Actividades Ilegales de 1967, da a las autoridades indias un amplio margen de maniobra. La m\u00e1s reciente escalada de ataques contra NewsClick est\u00e1 relacionada con un irresponsable art\u00edculo de The New York Times publicado en agosto. El art\u00edculo insinuaba que la publicaci\u00f3n india formaba parte de una operaci\u00f3n global destinada a promover los intereses del gobierno chino.<\/p>\n\n\n\n<p>Las acusaciones que han aparecido en ese primer parte y en el interrogatorio de decenas de periodistas de NewsClick son desconcertantes:<\/p>\n\n\n\n<p>1. Las preguntas de la Polic\u00eda sugieren que era inapropiado, si no antinacional, que los periodistas cubrieran las grandes luchas del pueblo indio, en particular la del campesinado.<br>2. La Polic\u00eda alega que NewsClick ha recibido fondos chinos (gubernamentales o privados) y que est\u00e1 obligada a seguir directrices de China (gubernamentales o privadas).<\/p>\n\n\n\n<p>En primer lugar, es inconstitucional impedir que un periodista cubra legalmente actividades de inter\u00e9s p\u00fablico en la India. En segundo lugar, el abogado que particip\u00f3 en la decisi\u00f3n de Worldwide Media de invertir en NewsClick en 2018 ha declarado que no hay dinero chino implicado en esa transacci\u00f3n.<\/p>\n\n\n\n<p>NewsClick por tanto, est\u00e1 atrapado en medio de una contienda regional entre India y China y en la m\u00e1s amplia Nueva Guerra Fr\u00eda impuesta por Estados Unidos en Asia.<\/p>\n\n\n\n<p>Tanto Prabir como Amit han participado activamente en la creaci\u00f3n de la AIP y de Dilemas de la Humanidad, y ambos procesos se han beneficiado de su sabidur\u00eda y sus esfuerzos desde el principio. Creemos que esta detenci\u00f3n no es s\u00f3lo un ataque a NewsClick y a la libertad de prensa en la India, sino que es en parte un ataque contra el intento de crear una plataforma para la izquierda asi\u00e1tica en general.<\/p>\n\n\n\n<p>Hacemos un llamamiento a nuestros amigos de todo el mundo para que se unan a nosotrxs en exigir tanto la liberaci\u00f3n inmediata de Prabir y Amit como el fin de la intimidaci\u00f3n y el acoso a periodistas e investigadores en India.<\/p>\n\n<\/div><\/div><\/div>\n<\/div>\n<\/div><\/div>\n\n<div class=\"gb-container gb-container-55d22334\" id=\"image-right\"><div class=\"gb-inside-container\">\n<div class=\"gb-grid-wrapper gb-grid-wrapper-4cfca493\">\n<div class=\"gb-grid-column gb-grid-column-04a4e233\"><div class=\"gb-container gb-container-04a4e233\"><div class=\"gb-inside-container\"><\/div><\/div><\/div>\n\n<div class=\"gb-grid-column gb-grid-column-b3f0eac9\"><div class=\"gb-container gb-container-b3f0eac9\"><div class=\"gb-inside-container\">\n<div class=\"wp-block-image\">\n<figure class=\"alignright size-large\"><img decoding=\"async\" width=\"1024\" height=\"683\" data-src=\"https:\/\/ipa-aip.org\/wp-content\/uploads\/\/Free-political-prisoners-1024x683.jpeg\" alt=\"\" class=\"wp-image-4391 lazyload\" data-srcset=\"https:\/\/ipa-aip.org\/wp-content\/uploads\/\/Free-political-prisoners-1024x683.jpeg 1024w, https:\/\/ipa-aip.org\/wp-content\/uploads\/\/Free-political-prisoners-300x200.jpeg 300w, https:\/\/ipa-aip.org\/wp-content\/uploads\/\/Free-political-prisoners-768x512.jpeg 768w, https:\/\/ipa-aip.org\/wp-content\/uploads\/\/Free-political-prisoners.jpeg 1280w\" data-sizes=\"(max-width: 1024px) 100vw, 1024px\" src=\"data:image\/svg+xml;base64,PHN2ZyB3aWR0aD0iMSIgaGVpZ2h0PSIxIiB4bWxucz0iaHR0cDovL3d3dy53My5vcmcvMjAwMC9zdmciPjwvc3ZnPg==\" style=\"--smush-placeholder-width: 1024px; --smush-placeholder-aspect-ratio: 1024\/683;\" \/><figcaption class=\"wp-element-caption\"><em>M\u00edstica durante la tercera Conferencia Internacional Dilemas de la Humanidad. Foto: Rafael St\u00e9dile.<\/em><\/figcaption><\/figure>\n<\/div>\n<\/div><\/div><\/div>\n<\/div>\n<\/div><\/div>","protected":false},"excerpt":{"rendered":"<p>Hacemos un llamamiento a nuestros amigos de todo el mundo para que se unan a nosotrxs en exigir la liberaci\u00f3n inmediata de Prabir Purkayastha y Amit Chakravarty.<\/p>\n","protected":false},"author":4,"featured_media":4393,"comment_status":"closed","ping_status":"closed","sticky":false,"template":"","format":"standard","meta":{"inline_featured_image":false,"footnotes":""},"categories":[29],"tags":[92,104],"class_list":["post-4395","post","type-post","status-publish","format-standard","has-post-thumbnail","hentry","category-declaraciones","tag-democracia","tag-derechos"],"yoast_head":"<!-- This site is optimized with the Yoast SEO plugin v26.7 - https:\/\/yoast.com\/wordpress\/plugins\/seo\/ -->\n<title>La AIP condena las detenciones ilegales y la intimidaci\u00f3n de periodistas del NewsClick en India - AIP<\/title>\n<meta name=\"description\" content=\"Hacemos un llamamiento a nuestros amigos de todo el mundo para que se unan a nosotrxs en exigir la liberaci\u00f3n inmediata de Prabir Purkayastha y Amit Chakravarty.\" \/>\n<meta name=\"robots\" content=\"index, follow, max-snippet:-1, max-image-preview:large, max-video-preview:-1\" \/>\n<link rel=\"canonical\" href=\"https:\/\/ipa-aip.org\/es\/declaraciones\/aip-condena-los-ataques-contra-newsclick-en-india\/\" \/>\n<meta property=\"og:locale\" content=\"es_ES\" \/>\n<meta property=\"og:type\" content=\"article\" \/>\n<meta property=\"og:title\" content=\"La AIP condena las detenciones ilegales y la intimidaci\u00f3n de periodistas del NewsClick en India - AIP\" \/>\n<meta property=\"og:description\" content=\"Hacemos un llamamiento a nuestros amigos de todo el mundo para que se unan a nosotrxs en exigir la liberaci\u00f3n inmediata de Prabir Purkayastha y Amit Chakravarty.\" \/>\n<meta property=\"og:url\" content=\"https:\/\/ipa-aip.org\/es\/declaraciones\/aip-condena-los-ataques-contra-newsclick-en-india\/\" \/>\n<meta property=\"og:site_name\" content=\"AIP\" \/>\n<meta property=\"article:publisher\" content=\"https:\/\/www.facebook.com\/internationalpeoplesassembly\/\" \/>\n<meta property=\"article:published_time\" content=\"2023-10-23T16:33:52+00:00\" \/>\n<meta property=\"article:modified_time\" content=\"2023-10-23T16:41:29+00:00\" \/>\n<meta property=\"og:image\" content=\"https:\/\/ipa-aip.org\/wp-content\/uploads\/Free-political-prisoners.jpeg\" \/>\n\t<meta property=\"og:image:width\" content=\"1280\" \/>\n\t<meta property=\"og:image:height\" content=\"854\" \/>\n\t<meta property=\"og:image:type\" content=\"image\/jpeg\" \/>\n<meta name=\"author\" content=\"vivian\" \/>\n<meta name=\"twitter:card\" content=\"summary_large_image\" \/>\n<meta name=\"twitter:creator\" content=\"@peoplesassembl_\" \/>\n<meta name=\"twitter:site\" content=\"@peoplesassembl_\" \/>\n<meta name=\"twitter:label1\" content=\"Escrito por\" \/>\n\t<meta name=\"twitter:data1\" content=\"vivian\" \/>\n\t<meta name=\"twitter:label2\" content=\"Tiempo de lectura\" \/>\n\t<meta name=\"twitter:data2\" content=\"3 minutos\" \/>\n<script type=\"application\/ld+json\" class=\"yoast-schema-graph\">{\"@context\":\"https:\/\/schema.org\",\"@graph\":[{\"@type\":\"Article\",\"@id\":\"https:\/\/ipa-aip.org\/es\/declaraciones\/aip-condena-los-ataques-contra-newsclick-en-india\/#article\",\"isPartOf\":{\"@id\":\"https:\/\/ipa-aip.org\/es\/declaraciones\/aip-condena-los-ataques-contra-newsclick-en-india\/\"},\"author\":{\"name\":\"vivian\",\"@id\":\"https:\/\/staging.ipa-aip.org\/es\/#\/schema\/person\/7e2de899c3481e96a85152b82073d028\"},\"headline\":\"La AIP condena las detenciones ilegales y la intimidaci\u00f3n de periodistas del NewsClick en India\",\"datePublished\":\"2023-10-23T16:33:52+00:00\",\"dateModified\":\"2023-10-23T16:41:29+00:00\",\"mainEntityOfPage\":{\"@id\":\"https:\/\/ipa-aip.org\/es\/declaraciones\/aip-condena-los-ataques-contra-newsclick-en-india\/\"},\"wordCount\":467,\"publisher\":{\"@id\":\"https:\/\/staging.ipa-aip.org\/es\/#organization\"},\"image\":{\"@id\":\"https:\/\/ipa-aip.org\/es\/declaraciones\/aip-condena-los-ataques-contra-newsclick-en-india\/#primaryimage\"},\"thumbnailUrl\":\"https:\/\/ipa-aip.org\/wp-content\/uploads\/Free-political-prisoners.jpeg\",\"keywords\":[\"Democracia\",\"Derechos\"],\"articleSection\":[\"Declaraciones\"],\"inLanguage\":\"es\"},{\"@type\":\"WebPage\",\"@id\":\"https:\/\/ipa-aip.org\/es\/declaraciones\/aip-condena-los-ataques-contra-newsclick-en-india\/\",\"url\":\"https:\/\/ipa-aip.org\/es\/declaraciones\/aip-condena-los-ataques-contra-newsclick-en-india\/\",\"name\":\"La AIP condena las detenciones ilegales y la intimidaci\u00f3n de periodistas del NewsClick en India - AIP\",\"isPartOf\":{\"@id\":\"https:\/\/staging.ipa-aip.org\/es\/#website\"},\"primaryImageOfPage\":{\"@id\":\"https:\/\/ipa-aip.org\/es\/declaraciones\/aip-condena-los-ataques-contra-newsclick-en-india\/#primaryimage\"},\"image\":{\"@id\":\"https:\/\/ipa-aip.org\/es\/declaraciones\/aip-condena-los-ataques-contra-newsclick-en-india\/#primaryimage\"},\"thumbnailUrl\":\"https:\/\/ipa-aip.org\/wp-content\/uploads\/Free-political-prisoners.jpeg\",\"datePublished\":\"2023-10-23T16:33:52+00:00\",\"dateModified\":\"2023-10-23T16:41:29+00:00\",\"description\":\"Hacemos un llamamiento a nuestros amigos de todo el mundo para que se unan a nosotrxs en exigir la liberaci\u00f3n inmediata de Prabir Purkayastha y Amit Chakravarty.\",\"breadcrumb\":{\"@id\":\"https:\/\/ipa-aip.org\/es\/declaraciones\/aip-condena-los-ataques-contra-newsclick-en-india\/#breadcrumb\"},\"inLanguage\":\"es\",\"potentialAction\":[{\"@type\":\"ReadAction\",\"target\":[\"https:\/\/ipa-aip.org\/es\/declaraciones\/aip-condena-los-ataques-contra-newsclick-en-india\/\"]}]},{\"@type\":\"ImageObject\",\"inLanguage\":\"es\",\"@id\":\"https:\/\/ipa-aip.org\/es\/declaraciones\/aip-condena-los-ataques-contra-newsclick-en-india\/#primaryimage\",\"url\":\"https:\/\/ipa-aip.org\/wp-content\/uploads\/Free-political-prisoners.jpeg\",\"contentUrl\":\"https:\/\/ipa-aip.org\/wp-content\/uploads\/Free-political-prisoners.jpeg\",\"width\":1280,\"height\":854},{\"@type\":\"BreadcrumbList\",\"@id\":\"https:\/\/ipa-aip.org\/es\/declaraciones\/aip-condena-los-ataques-contra-newsclick-en-india\/#breadcrumb\",\"itemListElement\":[{\"@type\":\"ListItem\",\"position\":1,\"name\":\"Home\",\"item\":\"https:\/\/ipa-aip.org\/es\/\"},{\"@type\":\"ListItem\",\"position\":2,\"name\":\"La AIP condena las detenciones ilegales y la intimidaci\u00f3n de periodistas del NewsClick en India\"}]},{\"@type\":\"WebSite\",\"@id\":\"https:\/\/staging.ipa-aip.org\/es\/#website\",\"url\":\"https:\/\/staging.ipa-aip.org\/es\/\",\"name\":\"IPA\",\"description\":\"Internacionalismo de los Pueblos\",\"publisher\":{\"@id\":\"https:\/\/staging.ipa-aip.org\/es\/#organization\"},\"potentialAction\":[{\"@type\":\"SearchAction\",\"target\":{\"@type\":\"EntryPoint\",\"urlTemplate\":\"https:\/\/staging.ipa-aip.org\/es\/?s={search_term_string}\"},\"query-input\":{\"@type\":\"PropertyValueSpecification\",\"valueRequired\":true,\"valueName\":\"search_term_string\"}}],\"inLanguage\":\"es\"},{\"@type\":\"Organization\",\"@id\":\"https:\/\/staging.ipa-aip.org\/es\/#organization\",\"name\":\"International Peoples' Assembly\",\"url\":\"https:\/\/staging.ipa-aip.org\/es\/\",\"logo\":{\"@type\":\"ImageObject\",\"inLanguage\":\"es\",\"@id\":\"https:\/\/staging.ipa-aip.org\/es\/#\/schema\/logo\/image\/\",\"url\":\"https:\/\/ipa-aip.org\/wp-content\/uploads\/ipa-logo-en-1.svg\",\"contentUrl\":\"https:\/\/ipa-aip.org\/wp-content\/uploads\/ipa-logo-en-1.svg\",\"width\":512,\"height\":205,\"caption\":\"International Peoples' Assembly\"},\"image\":{\"@id\":\"https:\/\/staging.ipa-aip.org\/es\/#\/schema\/logo\/image\/\"},\"sameAs\":[\"https:\/\/www.facebook.com\/internationalpeoplesassembly\/\",\"https:\/\/x.com\/peoplesassembl_\",\"https:\/\/www.instagram.com\/peoples.assembly\/\",\"https:\/\/www.youtube.com\/channel\/UCLUhCDMAlvhtJcTxn2Q_UGw\",\"https:\/\/twitter.com\/asambleapueblos\",\"https:\/\/www.instagram.com\/asambleapueblos\/\"]},{\"@type\":\"Person\",\"@id\":\"https:\/\/staging.ipa-aip.org\/es\/#\/schema\/person\/7e2de899c3481e96a85152b82073d028\",\"name\":\"vivian\"}]}<\/script>\n<!-- \/ Yoast SEO plugin. -->","yoast_head_json":{"title":"La AIP condena las detenciones ilegales y la intimidaci\u00f3n de periodistas del NewsClick en India - AIP","description":"Hacemos un llamamiento a nuestros amigos de todo el mundo para que se unan a nosotrxs en exigir la liberaci\u00f3n inmediata de Prabir Purkayastha y Amit Chakravarty.","robots":{"index":"index","follow":"follow","max-snippet":"max-snippet:-1","max-image-preview":"max-image-preview:large","max-video-preview":"max-video-preview:-1"},"canonical":"https:\/\/ipa-aip.org\/es\/declaraciones\/aip-condena-los-ataques-contra-newsclick-en-india\/","og_locale":"es_ES","og_type":"article","og_title":"La AIP condena las detenciones ilegales y la intimidaci\u00f3n de periodistas del NewsClick en India - AIP","og_description":"Hacemos un llamamiento a nuestros amigos de todo el mundo para que se unan a nosotrxs en exigir la liberaci\u00f3n inmediata de Prabir Purkayastha y Amit Chakravarty.","og_url":"https:\/\/ipa-aip.org\/es\/declaraciones\/aip-condena-los-ataques-contra-newsclick-en-india\/","og_site_name":"AIP","article_publisher":"https:\/\/www.facebook.com\/internationalpeoplesassembly\/","article_published_time":"2023-10-23T16:33:52+00:00","article_modified_time":"2023-10-23T16:41:29+00:00","og_image":[{"width":1280,"height":854,"url":"https:\/\/ipa-aip.org\/wp-content\/uploads\/Free-political-prisoners.jpeg","type":"image\/jpeg"}],"author":"vivian","twitter_card":"summary_large_image","twitter_creator":"@peoplesassembl_","twitter_site":"@peoplesassembl_","twitter_misc":{"Escrito por":"vivian","Tiempo de lectura":"3 minutos"},"schema":{"@context":"https:\/\/schema.org","@graph":[{"@type":"Article","@id":"https:\/\/ipa-aip.org\/es\/declaraciones\/aip-condena-los-ataques-contra-newsclick-en-india\/#article","isPartOf":{"@id":"https:\/\/ipa-aip.org\/es\/declaraciones\/aip-condena-los-ataques-contra-newsclick-en-india\/"},"author":{"name":"vivian","@id":"https:\/\/staging.ipa-aip.org\/es\/#\/schema\/person\/7e2de899c3481e96a85152b82073d028"},"headline":"La AIP condena las detenciones ilegales y la intimidaci\u00f3n de periodistas del NewsClick en India","datePublished":"2023-10-23T16:33:52+00:00","dateModified":"2023-10-23T16:41:29+00:00","mainEntityOfPage":{"@id":"https:\/\/ipa-aip.org\/es\/declaraciones\/aip-condena-los-ataques-contra-newsclick-en-india\/"},"wordCount":467,"publisher":{"@id":"https:\/\/staging.ipa-aip.org\/es\/#organization"},"image":{"@id":"https:\/\/ipa-aip.org\/es\/declaraciones\/aip-condena-los-ataques-contra-newsclick-en-india\/#primaryimage"},"thumbnailUrl":"https:\/\/ipa-aip.org\/wp-content\/uploads\/Free-political-prisoners.jpeg","keywords":["Democracia","Derechos"],"articleSection":["Declaraciones"],"inLanguage":"es"},{"@type":"WebPage","@id":"https:\/\/ipa-aip.org\/es\/declaraciones\/aip-condena-los-ataques-contra-newsclick-en-india\/","url":"https:\/\/ipa-aip.org\/es\/declaraciones\/aip-condena-los-ataques-contra-newsclick-en-india\/","name":"La AIP condena las detenciones ilegales y la intimidaci\u00f3n de periodistas del NewsClick en India - AIP","isPartOf":{"@id":"https:\/\/staging.ipa-aip.org\/es\/#website"},"primaryImageOfPage":{"@id":"https:\/\/ipa-aip.org\/es\/declaraciones\/aip-condena-los-ataques-contra-newsclick-en-india\/#primaryimage"},"image":{"@id":"https:\/\/ipa-aip.org\/es\/declaraciones\/aip-condena-los-ataques-contra-newsclick-en-india\/#primaryimage"},"thumbnailUrl":"https:\/\/ipa-aip.org\/wp-content\/uploads\/Free-political-prisoners.jpeg","datePublished":"2023-10-23T16:33:52+00:00","dateModified":"2023-10-23T16:41:29+00:00","description":"Hacemos un llamamiento a nuestros amigos de todo el mundo para que se unan a nosotrxs en exigir la liberaci\u00f3n inmediata de Prabir Purkayastha y Amit Chakravarty.","breadcrumb":{"@id":"https:\/\/ipa-aip.org\/es\/declaraciones\/aip-condena-los-ataques-contra-newsclick-en-india\/#breadcrumb"},"inLanguage":"es","potentialAction":[{"@type":"ReadAction","target":["https:\/\/ipa-aip.org\/es\/declaraciones\/aip-condena-los-ataques-contra-newsclick-en-india\/"]}]},{"@type":"ImageObject","inLanguage":"es","@id":"https:\/\/ipa-aip.org\/es\/declaraciones\/aip-condena-los-ataques-contra-newsclick-en-india\/#primaryimage","url":"https:\/\/ipa-aip.org\/wp-content\/uploads\/Free-political-prisoners.jpeg","contentUrl":"https:\/\/ipa-aip.org\/wp-content\/uploads\/Free-political-prisoners.jpeg","width":1280,"height":854},{"@type":"BreadcrumbList","@id":"https:\/\/ipa-aip.org\/es\/declaraciones\/aip-condena-los-ataques-contra-newsclick-en-india\/#breadcrumb","itemListElement":[{"@type":"ListItem","position":1,"name":"Home","item":"https:\/\/ipa-aip.org\/es\/"},{"@type":"ListItem","position":2,"name":"La AIP condena las detenciones ilegales y la intimidaci\u00f3n de periodistas del NewsClick en India"}]},{"@type":"WebSite","@id":"https:\/\/staging.ipa-aip.org\/es\/#website","url":"https:\/\/staging.ipa-aip.org\/es\/","name":"IPA","description":"Internacionalismo de los Pueblos","publisher":{"@id":"https:\/\/staging.ipa-aip.org\/es\/#organization"},"potentialAction":[{"@type":"SearchAction","target":{"@type":"EntryPoint","urlTemplate":"https:\/\/staging.ipa-aip.org\/es\/?s={search_term_string}"},"query-input":{"@type":"PropertyValueSpecification","valueRequired":true,"valueName":"search_term_string"}}],"inLanguage":"es"},{"@type":"Organization","@id":"https:\/\/staging.ipa-aip.org\/es\/#organization","name":"International Peoples' Assembly","url":"https:\/\/staging.ipa-aip.org\/es\/","logo":{"@type":"ImageObject","inLanguage":"es","@id":"https:\/\/staging.ipa-aip.org\/es\/#\/schema\/logo\/image\/","url":"https:\/\/ipa-aip.org\/wp-content\/uploads\/ipa-logo-en-1.svg","contentUrl":"https:\/\/ipa-aip.org\/wp-content\/uploads\/ipa-logo-en-1.svg","width":512,"height":205,"caption":"International Peoples' Assembly"},"image":{"@id":"https:\/\/staging.ipa-aip.org\/es\/#\/schema\/logo\/image\/"},"sameAs":["https:\/\/www.facebook.com\/internationalpeoplesassembly\/","https:\/\/x.com\/peoplesassembl_","https:\/\/www.instagram.com\/peoples.assembly\/","https:\/\/www.youtube.com\/channel\/UCLUhCDMAlvhtJcTxn2Q_UGw","https:\/\/twitter.com\/asambleapueblos","https:\/\/www.instagram.com\/asambleapueblos\/"]},{"@type":"Person","@id":"https:\/\/staging.ipa-aip.org\/es\/#\/schema\/person\/7e2de899c3481e96a85152b82073d028","name":"vivian"}]}},"_links":{"self":[{"href":"https:\/\/ipa-aip.org\/es\/wp-json\/wp\/v2\/posts\/4395","targetHints":{"allow":["GET"]}}],"collection":[{"href":"https:\/\/ipa-aip.org\/es\/wp-json\/wp\/v2\/posts"}],"about":[{"href":"https:\/\/ipa-aip.org\/es\/wp-json\/wp\/v2\/types\/post"}],"author":[{"embeddable":true,"href":"https:\/\/ipa-aip.org\/es\/wp-json\/wp\/v2\/users\/4"}],"replies":[{"embeddable":true,"href":"https:\/\/ipa-aip.org\/es\/wp-json\/wp\/v2\/comments?post=4395"}],"version-history":[{"count":1,"href":"https:\/\/ipa-aip.org\/es\/wp-json\/wp\/v2\/posts\/4395\/revisions"}],"predecessor-version":[{"id":4397,"href":"https:\/\/ipa-aip.org\/es\/wp-json\/wp\/v2\/posts\/4395\/revisions\/4397"}],"wp:featuredmedia":[{"embeddable":true,"href":"https:\/\/ipa-aip.org\/es\/wp-json\/wp\/v2\/media\/4393"}],"wp:attachment":[{"href":"https:\/\/ipa-aip.org\/es\/wp-json\/wp\/v2\/media?parent=4395"}],"wp:term":[{"taxonomy":"category","embeddable":true,"href":"https:\/\/ipa-aip.org\/es\/wp-json\/wp\/v2\/categories?post=4395"},{"taxonomy":"post_tag","embeddable":true,"href":"https:\/\/ipa-aip.org\/es\/wp-json\/wp\/v2\/tags?post=4395"}],"curies":[{"name":"wp","href":"https:\/\/api.w.org\/{rel}","templated":true}]}}