{"id":2943,"date":"2022-07-23T16:27:31","date_gmt":"2022-07-23T16:27:31","guid":{"rendered":"https:\/\/ipa-aip.org\/?p=2943"},"modified":"2022-07-29T13:13:18","modified_gmt":"2022-07-29T13:13:18","slug":"paren-la-persecucion-de-los-activistas-pro-democracia-en-tunez","status":"publish","type":"post","link":"https:\/\/ipa-aip.org\/es\/declaracion-oficial\/paren-la-persecucion-de-los-activistas-pro-democracia-en-tunez\/","title":{"rendered":"Paren la persecuci\u00f3n de los activistas pro democracia en T\u00fanez"},"content":{"rendered":"<div class=\"gb-container gb-container-cb8bfeb5 post-hero-1\"><div class=\"gb-inside-container\">\n<div class=\"gb-grid-wrapper gb-grid-wrapper-605f54f8\">\n<div class=\"gb-grid-column gb-grid-column-2078ad7d\"><div class=\"gb-container gb-container-2078ad7d\"><div class=\"gb-inside-container\">\n\n<h3 class=\"gb-headline gb-headline-3e2b280e gb-headline-text\">Paren la persecuci\u00f3n de los activistas pro democracia en T\u00fanez<\/h3>\n\n\n<p class=\"action-link\"><a href=\"\/es\/declaraciones-y-actualizaciones\/\">ACTION<\/a><span>><\/span><\/p><div class=\"tag-list\"><a href=\"https:\/\/ipa-aip.org\/es\/tag\/derechos\/\">Derechos<\/a><\/div>\n\n\n\n<hr class=\"wp-block-separator has-text-color has-base-3-color has-alpha-channel-opacity has-base-3-background-color has-background\"\/>\n\n\n<p class=\"block-post-date\"><date>23 julio, 2022<\/date><\/p>\n\n<\/div><\/div><\/div>\n\n<div class=\"gb-grid-column gb-grid-column-558ba59a\"><div class=\"gb-container gb-container-558ba59a\"><div class=\"gb-inside-container\">\n\n<figure class=\"wp-block-image size-large\"><img decoding=\"async\" width=\"1024\" height=\"731\" data-src=\"https:\/\/ipa-aip.org\/wp-content\/uploads\/\/2022-07-23-Tunisia-Prison-Solidarity-1024x731.jpeg\" alt=\"\" class=\"wp-image-2970 lazyload\" data-srcset=\"https:\/\/ipa-aip.org\/wp-content\/uploads\/2022-07-23-Tunisia-Prison-Solidarity-1024x731.jpeg 1024w, https:\/\/ipa-aip.org\/wp-content\/uploads\/2022-07-23-Tunisia-Prison-Solidarity-300x214.jpeg 300w, https:\/\/ipa-aip.org\/wp-content\/uploads\/2022-07-23-Tunisia-Prison-Solidarity-768x548.jpeg 768w, https:\/\/ipa-aip.org\/wp-content\/uploads\/2022-07-23-Tunisia-Prison-Solidarity.jpeg 1080w\" data-sizes=\"(max-width: 1024px) 100vw, 1024px\" src=\"data:image\/svg+xml;base64,PHN2ZyB3aWR0aD0iMSIgaGVpZ2h0PSIxIiB4bWxucz0iaHR0cDovL3d3dy53My5vcmcvMjAwMC9zdmciPjwvc3ZnPg==\" style=\"--smush-placeholder-width: 1024px; --smush-placeholder-aspect-ratio: 1024\/731;\" \/><\/figure>\n\n<\/div><\/div><\/div>\n<\/div>\n<\/div><\/div>\n\n<div class=\"gb-container gb-container-983af3cd\" id=\"text-right\"><div class=\"gb-inside-container\">\n<div class=\"gb-grid-wrapper gb-grid-wrapper-fa0d0a49\">\n<div class=\"gb-grid-column gb-grid-column-dcc8c539\"><div class=\"gb-container gb-container-dcc8c539\"><div class=\"gb-inside-container\"><\/div><\/div><\/div>\n\n<div class=\"gb-grid-column gb-grid-column-55810cad\"><div class=\"gb-container gb-container-55810cad\"><div class=\"gb-inside-container\">\n\n<p>Nueve activistas tunecinos prodemocracia y defensores de los derechos humanos fueron detenidos por las fuerzas de seguridad el 22 de julio durante una brutal represi\u00f3n policial de una protesta masiva. Entre los detenidos se encuentran los miembros del Partido de los Trabajadores de T\u00fanez Olfa Baazaoui y Aziz Ben Jemaa, que junto con los dem\u00e1s activistas sociales y pol\u00edticos fueron retenidos durante la noche e interrogados por las fuerzas de seguridad.<\/p>\n\n\n\n<p>El 22 de julio, miles de tunecinas y tunecinos protestaron en las calles contra las medidas autoritarias adoptadas por el presidente Kais Saied para consolidar el poder y socavar los logros de la revoluci\u00f3n de 2011. Su justa protesta fue respondida con una represi\u00f3n violenta y brutal por parte de las fuerzas de seguridad del Estado, que cargaron contra los manifestantes con porras, les rociaron gas lacrim\u00f3geno y detuvieron a nueve personas. Varios fueron tambi\u00e9n hospitalizados debido a las lesiones sufridas.<\/p>\n\n\n\n<p>Esta violenta represi\u00f3n es un cap\u00edtulo m\u00e1s de la campa\u00f1a del gobierno para silenciar y criminalizar a la oposici\u00f3n pol\u00edtica, al tiempo que amenaza gravemente la democracia en T\u00fanez mediante la disoluci\u00f3n de las principales estructuras del Estado, lo que ha sido ampliamente condenada por las organizaciones internacionales de derechos humanos.<\/p>\n\n\n\n<p>Exigimos que el gobierno deje de perseguir a los activistas y que se respete el derecho a protestar y a defender la democracia.<\/p>\n\n<\/div><\/div><\/div>\n<\/div>\n<\/div><\/div>\n\n<div class=\"gb-container gb-container-40f13620 entry-lead-1\" id=\"highlighted-statement\"><div class=\"gb-inside-container\">\n<div class=\"gb-grid-wrapper gb-grid-wrapper-2a051231\">\n<div class=\"gb-grid-column gb-grid-column-cca35053\"><div class=\"gb-container gb-container-cca35053\"><div class=\"gb-inside-container\"><\/div><\/div><\/div>\n\n<div class=\"gb-grid-column gb-grid-column-33d5cd3f\"><div class=\"gb-container gb-container-33d5cd3f\"><div class=\"gb-inside-container\">\n\n<p style=\"font-size:55px\"><strong>\u00a1Detengan la persecuci\u00f3n de las y los activistas tunecinos!<\/strong><\/p>\n\n<\/div><\/div><\/div>\n<\/div>\n<\/div><\/div>","protected":false},"excerpt":{"rendered":"<p>Nueve activistas tunecinos prodemocracia y defensores de los derechos humanos fueron detenidos por las fuerzas de seguridad el 22 de julio durante una brutal represi\u00f3n policial de una protesta masiva<\/p>\n","protected":false},"author":5,"featured_media":2970,"comment_status":"closed","ping_status":"closed","sticky":false,"template":"","format":"standard","meta":{"inline_featured_image":false,"footnotes":""},"categories":[76],"tags":[104],"class_list":["post-2943","post","type-post","status-publish","format-standard","has-post-thumbnail","hentry","category-declaracion-oficial","tag-derechos"],"yoast_head":"<!-- This site is optimized with the Yoast SEO plugin v26.7 - https:\/\/yoast.com\/wordpress\/plugins\/seo\/ -->\n<title>Paren la persecuci\u00f3n de los activistas pro democracia en T\u00fanez - AIP<\/title>\n<meta name=\"description\" content=\"Nueve activistas tunecinos prodemocracia y defensores de los derechos humanos fueron detenidos por las fuerzas de seguridad el 22 de julio durante una brutal represi\u00f3n policial de una protesta masiva\" \/>\n<meta name=\"robots\" content=\"index, follow, max-snippet:-1, max-image-preview:large, max-video-preview:-1\" \/>\n<link rel=\"canonical\" href=\"https:\/\/ipa-aip.org\/es\/declaracion-oficial\/paren-la-persecucion-de-los-activistas-pro-democracia-en-tunez\/\" \/>\n<meta property=\"og:locale\" content=\"es_ES\" \/>\n<meta property=\"og:type\" content=\"article\" \/>\n<meta property=\"og:title\" content=\"Paren la persecuci\u00f3n de los activistas pro democracia en T\u00fanez - AIP\" \/>\n<meta property=\"og:description\" content=\"Nueve activistas tunecinos prodemocracia y defensores de los derechos humanos fueron detenidos por las fuerzas de seguridad el 22 de julio durante una brutal represi\u00f3n policial de una protesta masiva\" \/>\n<meta property=\"og:url\" content=\"https:\/\/ipa-aip.org\/es\/declaracion-oficial\/paren-la-persecucion-de-los-activistas-pro-democracia-en-tunez\/\" \/>\n<meta property=\"og:site_name\" content=\"AIP\" \/>\n<meta property=\"article:publisher\" content=\"https:\/\/www.facebook.com\/internationalpeoplesassembly\/\" \/>\n<meta property=\"article:published_time\" content=\"2022-07-23T16:27:31+00:00\" \/>\n<meta property=\"article:modified_time\" content=\"2022-07-29T13:13:18+00:00\" \/>\n<meta property=\"og:image\" content=\"https:\/\/ipa-aip.org\/wp-content\/uploads\/2022-07-23-Tunisia-Prison-Solidarity.jpeg\" \/>\n\t<meta property=\"og:image:width\" content=\"1080\" \/>\n\t<meta property=\"og:image:height\" content=\"771\" \/>\n\t<meta property=\"og:image:type\" content=\"image\/jpeg\" \/>\n<meta name=\"author\" content=\"zoe\" \/>\n<meta name=\"twitter:card\" content=\"summary_large_image\" \/>\n<meta name=\"twitter:creator\" content=\"@peoplesassembl_\" \/>\n<meta name=\"twitter:site\" content=\"@peoplesassembl_\" \/>\n<meta name=\"twitter:label1\" content=\"Escrito por\" \/>\n\t<meta name=\"twitter:data1\" content=\"zoe\" \/>\n\t<meta name=\"twitter:label2\" content=\"Tiempo de lectura\" \/>\n\t<meta name=\"twitter:data2\" content=\"2 minutos\" \/>\n<script type=\"application\/ld+json\" class=\"yoast-schema-graph\">{\"@context\":\"https:\/\/schema.org\",\"@graph\":[{\"@type\":\"Article\",\"@id\":\"https:\/\/ipa-aip.org\/es\/declaracion-oficial\/paren-la-persecucion-de-los-activistas-pro-democracia-en-tunez\/#article\",\"isPartOf\":{\"@id\":\"https:\/\/ipa-aip.org\/es\/declaracion-oficial\/paren-la-persecucion-de-los-activistas-pro-democracia-en-tunez\/\"},\"author\":{\"name\":\"zoe\",\"@id\":\"https:\/\/staging.ipa-aip.org\/es\/#\/schema\/person\/35fc4a7d0d0e4d274d98a7d41bdca7eb\"},\"headline\":\"Paren la persecuci\u00f3n de los activistas pro democracia en T\u00fanez\",\"datePublished\":\"2022-07-23T16:27:31+00:00\",\"dateModified\":\"2022-07-29T13:13:18+00:00\",\"mainEntityOfPage\":{\"@id\":\"https:\/\/ipa-aip.org\/es\/declaracion-oficial\/paren-la-persecucion-de-los-activistas-pro-democracia-en-tunez\/\"},\"wordCount\":277,\"publisher\":{\"@id\":\"https:\/\/staging.ipa-aip.org\/es\/#organization\"},\"image\":{\"@id\":\"https:\/\/ipa-aip.org\/es\/declaracion-oficial\/paren-la-persecucion-de-los-activistas-pro-democracia-en-tunez\/#primaryimage\"},\"thumbnailUrl\":\"https:\/\/ipa-aip.org\/wp-content\/uploads\/2022-07-23-Tunisia-Prison-Solidarity.jpeg\",\"keywords\":[\"Derechos\"],\"articleSection\":[\"Declaraci\u00f3n oficial\"],\"inLanguage\":\"es\"},{\"@type\":\"WebPage\",\"@id\":\"https:\/\/ipa-aip.org\/es\/declaracion-oficial\/paren-la-persecucion-de-los-activistas-pro-democracia-en-tunez\/\",\"url\":\"https:\/\/ipa-aip.org\/es\/declaracion-oficial\/paren-la-persecucion-de-los-activistas-pro-democracia-en-tunez\/\",\"name\":\"Paren la persecuci\u00f3n de los activistas pro democracia en T\u00fanez - AIP\",\"isPartOf\":{\"@id\":\"https:\/\/staging.ipa-aip.org\/es\/#website\"},\"primaryImageOfPage\":{\"@id\":\"https:\/\/ipa-aip.org\/es\/declaracion-oficial\/paren-la-persecucion-de-los-activistas-pro-democracia-en-tunez\/#primaryimage\"},\"image\":{\"@id\":\"https:\/\/ipa-aip.org\/es\/declaracion-oficial\/paren-la-persecucion-de-los-activistas-pro-democracia-en-tunez\/#primaryimage\"},\"thumbnailUrl\":\"https:\/\/ipa-aip.org\/wp-content\/uploads\/2022-07-23-Tunisia-Prison-Solidarity.jpeg\",\"datePublished\":\"2022-07-23T16:27:31+00:00\",\"dateModified\":\"2022-07-29T13:13:18+00:00\",\"description\":\"Nueve activistas tunecinos prodemocracia y defensores de los derechos humanos fueron detenidos por las fuerzas de seguridad el 22 de julio durante una brutal represi\u00f3n policial de una protesta masiva\",\"breadcrumb\":{\"@id\":\"https:\/\/ipa-aip.org\/es\/declaracion-oficial\/paren-la-persecucion-de-los-activistas-pro-democracia-en-tunez\/#breadcrumb\"},\"inLanguage\":\"es\",\"potentialAction\":[{\"@type\":\"ReadAction\",\"target\":[\"https:\/\/ipa-aip.org\/es\/declaracion-oficial\/paren-la-persecucion-de-los-activistas-pro-democracia-en-tunez\/\"]}]},{\"@type\":\"ImageObject\",\"inLanguage\":\"es\",\"@id\":\"https:\/\/ipa-aip.org\/es\/declaracion-oficial\/paren-la-persecucion-de-los-activistas-pro-democracia-en-tunez\/#primaryimage\",\"url\":\"https:\/\/ipa-aip.org\/wp-content\/uploads\/2022-07-23-Tunisia-Prison-Solidarity.jpeg\",\"contentUrl\":\"https:\/\/ipa-aip.org\/wp-content\/uploads\/2022-07-23-Tunisia-Prison-Solidarity.jpeg\",\"width\":1080,\"height\":771},{\"@type\":\"BreadcrumbList\",\"@id\":\"https:\/\/ipa-aip.org\/es\/declaracion-oficial\/paren-la-persecucion-de-los-activistas-pro-democracia-en-tunez\/#breadcrumb\",\"itemListElement\":[{\"@type\":\"ListItem\",\"position\":1,\"name\":\"Home\",\"item\":\"https:\/\/ipa-aip.org\/es\/\"},{\"@type\":\"ListItem\",\"position\":2,\"name\":\"Paren la persecuci\u00f3n de los activistas pro democracia en T\u00fanez\"}]},{\"@type\":\"WebSite\",\"@id\":\"https:\/\/staging.ipa-aip.org\/es\/#website\",\"url\":\"https:\/\/staging.ipa-aip.org\/es\/\",\"name\":\"IPA\",\"description\":\"Internacionalismo de los Pueblos\",\"publisher\":{\"@id\":\"https:\/\/staging.ipa-aip.org\/es\/#organization\"},\"potentialAction\":[{\"@type\":\"SearchAction\",\"target\":{\"@type\":\"EntryPoint\",\"urlTemplate\":\"https:\/\/staging.ipa-aip.org\/es\/?s={search_term_string}\"},\"query-input\":{\"@type\":\"PropertyValueSpecification\",\"valueRequired\":true,\"valueName\":\"search_term_string\"}}],\"inLanguage\":\"es\"},{\"@type\":\"Organization\",\"@id\":\"https:\/\/staging.ipa-aip.org\/es\/#organization\",\"name\":\"International Peoples' Assembly\",\"url\":\"https:\/\/staging.ipa-aip.org\/es\/\",\"logo\":{\"@type\":\"ImageObject\",\"inLanguage\":\"es\",\"@id\":\"https:\/\/staging.ipa-aip.org\/es\/#\/schema\/logo\/image\/\",\"url\":\"https:\/\/ipa-aip.org\/wp-content\/uploads\/ipa-logo-en-1.svg\",\"contentUrl\":\"https:\/\/ipa-aip.org\/wp-content\/uploads\/ipa-logo-en-1.svg\",\"width\":512,\"height\":205,\"caption\":\"International Peoples' Assembly\"},\"image\":{\"@id\":\"https:\/\/staging.ipa-aip.org\/es\/#\/schema\/logo\/image\/\"},\"sameAs\":[\"https:\/\/www.facebook.com\/internationalpeoplesassembly\/\",\"https:\/\/x.com\/peoplesassembl_\",\"https:\/\/www.instagram.com\/peoples.assembly\/\",\"https:\/\/www.youtube.com\/channel\/UCLUhCDMAlvhtJcTxn2Q_UGw\",\"https:\/\/twitter.com\/asambleapueblos\",\"https:\/\/www.instagram.com\/asambleapueblos\/\"]},{\"@type\":\"Person\",\"@id\":\"https:\/\/staging.ipa-aip.org\/es\/#\/schema\/person\/35fc4a7d0d0e4d274d98a7d41bdca7eb\",\"name\":\"zoe\"}]}<\/script>\n<!-- \/ Yoast SEO plugin. -->","yoast_head_json":{"title":"Paren la persecuci\u00f3n de los activistas pro democracia en T\u00fanez - AIP","description":"Nueve activistas tunecinos prodemocracia y defensores de los derechos humanos fueron detenidos por las fuerzas de seguridad el 22 de julio durante una brutal represi\u00f3n policial de una protesta masiva","robots":{"index":"index","follow":"follow","max-snippet":"max-snippet:-1","max-image-preview":"max-image-preview:large","max-video-preview":"max-video-preview:-1"},"canonical":"https:\/\/ipa-aip.org\/es\/declaracion-oficial\/paren-la-persecucion-de-los-activistas-pro-democracia-en-tunez\/","og_locale":"es_ES","og_type":"article","og_title":"Paren la persecuci\u00f3n de los activistas pro democracia en T\u00fanez - AIP","og_description":"Nueve activistas tunecinos prodemocracia y defensores de los derechos humanos fueron detenidos por las fuerzas de seguridad el 22 de julio durante una brutal represi\u00f3n policial de una protesta masiva","og_url":"https:\/\/ipa-aip.org\/es\/declaracion-oficial\/paren-la-persecucion-de-los-activistas-pro-democracia-en-tunez\/","og_site_name":"AIP","article_publisher":"https:\/\/www.facebook.com\/internationalpeoplesassembly\/","article_published_time":"2022-07-23T16:27:31+00:00","article_modified_time":"2022-07-29T13:13:18+00:00","og_image":[{"width":1080,"height":771,"url":"https:\/\/ipa-aip.org\/wp-content\/uploads\/2022-07-23-Tunisia-Prison-Solidarity.jpeg","type":"image\/jpeg"}],"author":"zoe","twitter_card":"summary_large_image","twitter_creator":"@peoplesassembl_","twitter_site":"@peoplesassembl_","twitter_misc":{"Escrito por":"zoe","Tiempo de lectura":"2 minutos"},"schema":{"@context":"https:\/\/schema.org","@graph":[{"@type":"Article","@id":"https:\/\/ipa-aip.org\/es\/declaracion-oficial\/paren-la-persecucion-de-los-activistas-pro-democracia-en-tunez\/#article","isPartOf":{"@id":"https:\/\/ipa-aip.org\/es\/declaracion-oficial\/paren-la-persecucion-de-los-activistas-pro-democracia-en-tunez\/"},"author":{"name":"zoe","@id":"https:\/\/staging.ipa-aip.org\/es\/#\/schema\/person\/35fc4a7d0d0e4d274d98a7d41bdca7eb"},"headline":"Paren la persecuci\u00f3n de los activistas pro democracia en T\u00fanez","datePublished":"2022-07-23T16:27:31+00:00","dateModified":"2022-07-29T13:13:18+00:00","mainEntityOfPage":{"@id":"https:\/\/ipa-aip.org\/es\/declaracion-oficial\/paren-la-persecucion-de-los-activistas-pro-democracia-en-tunez\/"},"wordCount":277,"publisher":{"@id":"https:\/\/staging.ipa-aip.org\/es\/#organization"},"image":{"@id":"https:\/\/ipa-aip.org\/es\/declaracion-oficial\/paren-la-persecucion-de-los-activistas-pro-democracia-en-tunez\/#primaryimage"},"thumbnailUrl":"https:\/\/ipa-aip.org\/wp-content\/uploads\/2022-07-23-Tunisia-Prison-Solidarity.jpeg","keywords":["Derechos"],"articleSection":["Declaraci\u00f3n oficial"],"inLanguage":"es"},{"@type":"WebPage","@id":"https:\/\/ipa-aip.org\/es\/declaracion-oficial\/paren-la-persecucion-de-los-activistas-pro-democracia-en-tunez\/","url":"https:\/\/ipa-aip.org\/es\/declaracion-oficial\/paren-la-persecucion-de-los-activistas-pro-democracia-en-tunez\/","name":"Paren la persecuci\u00f3n de los activistas pro democracia en T\u00fanez - AIP","isPartOf":{"@id":"https:\/\/staging.ipa-aip.org\/es\/#website"},"primaryImageOfPage":{"@id":"https:\/\/ipa-aip.org\/es\/declaracion-oficial\/paren-la-persecucion-de-los-activistas-pro-democracia-en-tunez\/#primaryimage"},"image":{"@id":"https:\/\/ipa-aip.org\/es\/declaracion-oficial\/paren-la-persecucion-de-los-activistas-pro-democracia-en-tunez\/#primaryimage"},"thumbnailUrl":"https:\/\/ipa-aip.org\/wp-content\/uploads\/2022-07-23-Tunisia-Prison-Solidarity.jpeg","datePublished":"2022-07-23T16:27:31+00:00","dateModified":"2022-07-29T13:13:18+00:00","description":"Nueve activistas tunecinos prodemocracia y defensores de los derechos humanos fueron detenidos por las fuerzas de seguridad el 22 de julio durante una brutal represi\u00f3n policial de una protesta masiva","breadcrumb":{"@id":"https:\/\/ipa-aip.org\/es\/declaracion-oficial\/paren-la-persecucion-de-los-activistas-pro-democracia-en-tunez\/#breadcrumb"},"inLanguage":"es","potentialAction":[{"@type":"ReadAction","target":["https:\/\/ipa-aip.org\/es\/declaracion-oficial\/paren-la-persecucion-de-los-activistas-pro-democracia-en-tunez\/"]}]},{"@type":"ImageObject","inLanguage":"es","@id":"https:\/\/ipa-aip.org\/es\/declaracion-oficial\/paren-la-persecucion-de-los-activistas-pro-democracia-en-tunez\/#primaryimage","url":"https:\/\/ipa-aip.org\/wp-content\/uploads\/2022-07-23-Tunisia-Prison-Solidarity.jpeg","contentUrl":"https:\/\/ipa-aip.org\/wp-content\/uploads\/2022-07-23-Tunisia-Prison-Solidarity.jpeg","width":1080,"height":771},{"@type":"BreadcrumbList","@id":"https:\/\/ipa-aip.org\/es\/declaracion-oficial\/paren-la-persecucion-de-los-activistas-pro-democracia-en-tunez\/#breadcrumb","itemListElement":[{"@type":"ListItem","position":1,"name":"Home","item":"https:\/\/ipa-aip.org\/es\/"},{"@type":"ListItem","position":2,"name":"Paren la persecuci\u00f3n de los activistas pro democracia en T\u00fanez"}]},{"@type":"WebSite","@id":"https:\/\/staging.ipa-aip.org\/es\/#website","url":"https:\/\/staging.ipa-aip.org\/es\/","name":"IPA","description":"Internacionalismo de los Pueblos","publisher":{"@id":"https:\/\/staging.ipa-aip.org\/es\/#organization"},"potentialAction":[{"@type":"SearchAction","target":{"@type":"EntryPoint","urlTemplate":"https:\/\/staging.ipa-aip.org\/es\/?s={search_term_string}"},"query-input":{"@type":"PropertyValueSpecification","valueRequired":true,"valueName":"search_term_string"}}],"inLanguage":"es"},{"@type":"Organization","@id":"https:\/\/staging.ipa-aip.org\/es\/#organization","name":"International Peoples' Assembly","url":"https:\/\/staging.ipa-aip.org\/es\/","logo":{"@type":"ImageObject","inLanguage":"es","@id":"https:\/\/staging.ipa-aip.org\/es\/#\/schema\/logo\/image\/","url":"https:\/\/ipa-aip.org\/wp-content\/uploads\/ipa-logo-en-1.svg","contentUrl":"https:\/\/ipa-aip.org\/wp-content\/uploads\/ipa-logo-en-1.svg","width":512,"height":205,"caption":"International Peoples' Assembly"},"image":{"@id":"https:\/\/staging.ipa-aip.org\/es\/#\/schema\/logo\/image\/"},"sameAs":["https:\/\/www.facebook.com\/internationalpeoplesassembly\/","https:\/\/x.com\/peoplesassembl_","https:\/\/www.instagram.com\/peoples.assembly\/","https:\/\/www.youtube.com\/channel\/UCLUhCDMAlvhtJcTxn2Q_UGw","https:\/\/twitter.com\/asambleapueblos","https:\/\/www.instagram.com\/asambleapueblos\/"]},{"@type":"Person","@id":"https:\/\/staging.ipa-aip.org\/es\/#\/schema\/person\/35fc4a7d0d0e4d274d98a7d41bdca7eb","name":"zoe"}]}},"_links":{"self":[{"href":"https:\/\/ipa-aip.org\/es\/wp-json\/wp\/v2\/posts\/2943","targetHints":{"allow":["GET"]}}],"collection":[{"href":"https:\/\/ipa-aip.org\/es\/wp-json\/wp\/v2\/posts"}],"about":[{"href":"https:\/\/ipa-aip.org\/es\/wp-json\/wp\/v2\/types\/post"}],"author":[{"embeddable":true,"href":"https:\/\/ipa-aip.org\/es\/wp-json\/wp\/v2\/users\/5"}],"replies":[{"embeddable":true,"href":"https:\/\/ipa-aip.org\/es\/wp-json\/wp\/v2\/comments?post=2943"}],"version-history":[{"count":12,"href":"https:\/\/ipa-aip.org\/es\/wp-json\/wp\/v2\/posts\/2943\/revisions"}],"predecessor-version":[{"id":3036,"href":"https:\/\/ipa-aip.org\/es\/wp-json\/wp\/v2\/posts\/2943\/revisions\/3036"}],"wp:featuredmedia":[{"embeddable":true,"href":"https:\/\/ipa-aip.org\/es\/wp-json\/wp\/v2\/media\/2970"}],"wp:attachment":[{"href":"https:\/\/ipa-aip.org\/es\/wp-json\/wp\/v2\/media?parent=2943"}],"wp:term":[{"taxonomy":"category","embeddable":true,"href":"https:\/\/ipa-aip.org\/es\/wp-json\/wp\/v2\/categories?post=2943"},{"taxonomy":"post_tag","embeddable":true,"href":"https:\/\/ipa-aip.org\/es\/wp-json\/wp\/v2\/tags?post=2943"}],"curies":[{"name":"wp","href":"https:\/\/api.w.org\/{rel}","templated":true}]}}