{"id":12838,"date":"2026-09-02T14:06:52","date_gmt":"2026-09-02T17:06:52","guid":{"rendered":"https:\/\/ipa-aip.org\/?p=12838"},"modified":"2026-09-02T17:47:04","modified_gmt":"2026-09-02T20:47:04","slug":"siete-frentes-la-lucha-del-sahel-por-la-soberania","status":"publish","type":"post","link":"https:\/\/ipa-aip.org\/es\/2026\/09\/02\/siete-frentes-la-lucha-del-sahel-por-la-soberania\/","title":{"rendered":"Siete frentes: la lucha del Sahel por la soberan\u00eda"},"content":{"rendered":"\n<p class=\"wp-block-paragraph\">El 24 de agosto de 2026, 45 diputados <a href=\"https:\/\/anp.ne\/1ere-session-du-parlement-confederal-de-laes-les-deputes-confederaux-installes\/\"><u>ocuparon<\/u><\/a> sus esca\u00f1os en el centro de conferencias Mahatma Gandhi de Niamey para la sesi\u00f3n inaugural del Parlamento Confederal de la Alianza de Estados del Sahel (AES), 15 de Mali, 15 de Burkina Faso y 15 de N\u00edger. Se trata de la \u00faltima pieza importante de una arquitectura institucional que ya cuenta con una bandera, un pasaporte biom\u00e9trico com\u00fan, una red de televisi\u00f3n confederal y, en teor\u00eda, un banco de desarrollo de 500.000 millones de francos CFA. Doscientos kil\u00f3metros al norte, en Agadez, se almacenan unas 1.800 toneladas de uranio nigerino, nacionalizadas del grupo nuclear franc\u00e9s Orano en junio de 2025 y que, 14 meses despu\u00e9s, siguen sin venderse, bloqueadas por un laudo arbitral internacional que Niamey ha <a href=\"https:\/\/www.theafricareport.com\/420199\/niger-nationalised-its-uranium-but-it-cant-find-a-buyer\/\"><u>amenazado con ignorar,<\/u><\/a> pero al que a\u00fan no se ha opuesto.<\/p>\n\n\n\n<p class=\"wp-block-paragraph\">\u201cLa independencia que lleg\u00f3 a 53 pa\u00edses con 53 banderas fue una soberan\u00eda de banderas\u201d, declar\u00f3 Youlouka Damiba, secretario general del Comit\u00e9 Internacional de Burkina Faso para el Memorial de Thomas Sankara, ante la <a href=\"https:\/\/albamovimientos.net\/declaracion-final-iv-asamblea-continental-de-alba-movimientos-por-el-socialismo-cien-anos-caminando-con-fidel\/\"><u>Cuarta Asamblea Continental<\/u><\/a> de ALBA Movimientos, celebrada en La Habana a principios de agosto de 2026. Describ\u00eda un continente que a\u00fan funciona con controles monetarios heredados, ej\u00e9rcitos moldeados por potencias extranjeras y econom\u00edas basadas en la exportaci\u00f3n de materias primas. El aparato estatal de la AES se est\u00e1 consolidando m\u00e1s r\u00e1pido de lo que avanzan sus reivindicaciones de soberan\u00eda. Esa brecha se mide mejor a la luz de los siete frentes que Damiba se\u00f1al\u00f3 como a\u00fan por conquistar: soberan\u00eda fiscal y monetaria, control de la narrativa, transformaci\u00f3n cultural y espiritual, la confrontaci\u00f3n con el islam pol\u00edtico armado, la lucha militar por el territorio, la transformaci\u00f3n productiva y una pol\u00edtica exterior independiente. Ese marco estructura lo que sigue.<\/p>\n\n\n\n<p class=\"wp-block-paragraph\">Junto a estos, Damiba enumera las amenazas externas adicionales de guerras por poder, sanciones, bloqueos, guerra jur\u00eddica y una guerra de informaci\u00f3n librada espec\u00edficamente contra \u201cel modelo socialista en el Sahel\u201d. Tambi\u00e9n destaca las amenazas internas, entre las que se incluyen: la burocracia, la corrupci\u00f3n, una \u201cburgues\u00eda de Estado\u201d y el cansancio de una poblaci\u00f3n a la que se le exige un sacrificio constante. El discurso de Damiba dice mucho sobre la situaci\u00f3n en la que se encuentra hoy la AES, no solo en cuanto a las fuerzas externas que act\u00faan en contra de la alianza, sino tambi\u00e9n en cuanto a c\u00f3mo los propios Estados est\u00e1n optando por manejar los problemas que enfrentan internamente.<\/p>\n\n\n\n<h3 class=\"wp-block-heading\"><a><\/a> <strong>Un patr\u00f3n con historia<\/strong><\/h3>\n\n\n\n<p class=\"wp-block-paragraph\">Ninguno de estos siete frentes es nuevo. Cada uno tiene un precedente saheliano que se remonta seis d\u00e9cadas. Cada uno fue revertido por una coalici\u00f3n formada por presi\u00f3n externa y una facci\u00f3n interna dispuesta a intercambiar soberan\u00eda por poder. Esa historia, y no los comunicados de la propia AES, es el marco contra el cual deben evaluarse sus afirmaciones actuales. El primer presidente de Mali, Modibo Ke\u00efta, se separ\u00f3 de la zona del franco CFA en julio de 1962, y <a href=\"https:\/\/www.jstor.org\/stable\/44715457\"><u>le dijo<\/u><\/a> al comit\u00e9 central de su partido que el nuevo franco maliense era \u201cuna declaraci\u00f3n de guerra pol\u00edtica y econ\u00f3mica\u201d contra Francia. Par\u00eds bloque\u00f3 el regreso de Mali a la uni\u00f3n monetaria regional durante 17 a\u00f1os; un acuerdo de 1967 <a href=\"https:\/\/euacademic.org\/UploadArticle\/3834.pdf\"><u>restableci\u00f3<\/u><\/a> la supervisi\u00f3n francesa, un golpe de Estado derroc\u00f3 a Ke\u00efta en 1968 y Mali <a href=\"https:\/\/euacademic.org\/UploadArticle\/3834.pdf\"><u>se reincorpor\u00f3<\/u><\/a> a la zona del franco CFA en julio de 1984.<\/p>\n\n\n\n<p class=\"wp-block-paragraph\">La soberan\u00eda fiscal tambi\u00e9n le cost\u00f3 el gobierno a Hamani Diori, el primer presidente de N\u00edger. Fue derrocado en abril de 1974 mientras renegociaba los t\u00e9rminos del acuerdo franc\u00e9s sobre el uranio en Arlit, donde el Estado apenas <a href=\"https:\/\/www.jstor.org\/stable\/44715457\"><u>obten\u00eda<\/u><\/a> un tercio de las ganancias proyectadas. El movimiento independentista de N\u00edger ofrece un caso a\u00fan m\u00e1s antiguo. El partido Sawaba de Djibo Bakary hizo campa\u00f1a a favor de la independencia total en lugar de la autonom\u00eda limitada que Francia ofrec\u00eda en 1958. Nueve d\u00edas antes del refer\u00e9ndum sobre esta independencia, el administrador colonial Jean Colombani <a href=\"https:\/\/socialistchina.org\/2024\/06\/04\/quiet-please-were-decolonising\/\"><u>destituy\u00f3<\/u><\/a> a Bakary del poder de manera definitiva, en lo que hoy se describe como el primer golpe de Estado moderno de \u00c1frica. El partido Sawaba de Bakary llev\u00f3 a cabo posteriormente su propia campa\u00f1a de guerrilla desde el exilio en 1964 y 1965, con respaldo chino. La represi\u00f3n respaldada por Francia bajo el gobierno de Diori la aplast\u00f3. Los combatientes capturados fueron torturados y varios fueron ejecutados ante multitudes reunidas.<\/p>\n\n\n\n<p class=\"wp-block-paragraph\">Esta resistencia anticolonial es un hilo conductor. En Alto Volta, el gobierno de Thomas Sankara continu\u00f3 con las ambiciones continentales de Bakary a trav\u00e9s del Movimiento de Pa\u00edses No Alineados, dirigi\u00e9ndose a la Asamblea General de la ONU en 1984 y ante 180 delegaciones internacionales en nombre de Cuba y Nicaragua en 1986, antes de que tambi\u00e9n fuera derrocado por un golpe de Estado en octubre de 1987. En mayo de 2024, el actual gobierno de N\u00edger cre\u00f3 una medalla oficial, la Sarauniya Mangou, en reconocimiento al sacrificio por la causa de la soberan\u00eda, y le dio el nombre de la reina del siglo XIX.<\/p>\n\n\n\n<h3 class=\"wp-block-heading\"><a><\/a> <strong>Controlar los recursos, controlar la historia<\/strong><\/h3>\n\n\n\n<p class=\"wp-block-paragraph\">Catorce meses despu\u00e9s de nacionalizar Soma\u00efr, la filial de uranio de Orano, el gobierno de N\u00edger no ha <a href=\"https:\/\/www.theafricareport.com\/420199\/niger-nationalised-its-uranium-but-it-cant-find-a-buyer\/\"><u>vendido<\/u><\/a> nada de sus reservas. Estas han quedado bloqueadas por un laudo de arbitraje internacional que se mantiene vigente gracias al propio litigio de Orano, lo que demuestra el tipo de influencia legal que un concesionario franc\u00e9s despose\u00eddo a\u00fan puede ejercer incluso despu\u00e9s de haber perdido el activo en s\u00ed.<\/p>\n\n\n\n<p class=\"wp-block-paragraph\">Burkina Faso, el cuarto mayor productor de oro de \u00c1frica, ha tenido mejores resultados en teor\u00eda: en junio de 2026 <a href=\"https:\/\/www.mining.com\/web\/burkina-faso-completes-nationalization-of-five-gold-mining-assets\/\"><u>transfiri\u00f3 5 minas<\/u><\/a> de Endeavour Mining y Lilium a la empresa estatal SOPAMIB y se benefici\u00f3 de un aumento del 27% en el precio del oro. Mali logr\u00f3 un <a href=\"https:\/\/www.dabafinance.com\/en\/news\/barrick-gold-reaches-deal-with-mali-to-end-mining-dispute\"><u>acuerdo de 438 millones de d\u00f3lares con Barrick Gold<\/u><\/a> en 2025 en virtud de su c\u00f3digo minero revisado, aunque la producci\u00f3n industrial a\u00fan cay\u00f3 un 23% en 2024. El banco de inversi\u00f3n de la propia confederaci\u00f3n, el BCID, <a href=\"https:\/\/www.financialafrik.com\/2026\/08\/16\/mais-ou-est-donc-passee-la-banque-de-laes\/\"><u>no ha realizado ning\u00fan desembolso<\/u><\/a> 8 meses despu\u00e9s de su lanzamiento en diciembre de 2025, y Mali ratific\u00f3 un nuevo pr\u00e9stamo del Banco Mundial de 33 millones de d\u00f3lares para electricidad la misma semana en que su propio <a href=\"https:\/\/bamada.net\/mali-le-fonds-minier-dinfrastructures-mobilise-plus-de-109-milliards-de-fcfa-une-nouvelle-etape-vers-la-transformation-des-ressources-naturelles-en-developpement\"><u>fondo de infraestructura minera inform\u00f3 haber movilizado<\/u><\/a> m\u00e1s de 109.000 millones de francos CFA. La soberan\u00eda afirmada a nivel de propiedad a\u00fan no se ha convertido en soberan\u00eda a nivel de ingresos.<\/p>\n\n\n\n<p class=\"wp-block-paragraph\">La transformaci\u00f3n productiva es el \u00e1mbito en el que los gobiernos actuales han intentado m\u00e1s expl\u00edcitamente heredar el legado de Sankara, en lugar de limitarse a invocarlo. El gobierno de Sankara sigue siendo el punto de referencia hist\u00f3rico m\u00e1s claro de lo que realmente logr\u00f3 la transformaci\u00f3n impulsada por el Estado: 10 millones de \u00e1rboles plantados en el marco de un programa de desarrollo de 15 meses; la tasa nacional de alfabetizaci\u00f3n pas\u00f3 del 12 al 22% en 2 a\u00f1os; y <a href=\"https:\/\/thetricontinental.org\/pan-africa\/newsletter-the-economics-of-thomas-sankara\/\"><u>la producci\u00f3n de cereales<\/u><\/a> aument\u00f3 de 1,1 millones a 1,6 millones de toneladas entre 1983 y 1987, lo que llev\u00f3 el \u00edndice de cobertura alimentaria del pa\u00eds a un m\u00e1ximo del 129% sin importaciones (<em><u>Thomas Sankara Speaks: The Burkina Faso Revolution, 1983\u201387<\/u><\/em>).<\/p>\n\n\n\n<p class=\"wp-block-paragraph\">Antes de que el golpe de Estado de 1968 le pusiera fin, el gobierno de Ke\u00efta en Mali persigui\u00f3 el mismo objetivo mediante infraestructura financiada por la Uni\u00f3n Sovi\u00e9tica y China, que inclu\u00eda investigaci\u00f3n minera, el Estadio Modibo Ke\u00efta y pr\u00e9stamos sin intereses destinados a la Oficina del N\u00edger. <a href=\"https:\/\/peoplesdispatch.org\/2025\/08\/04\/sankaras-revolution-rises-again\/\"><u>El gobierno de Traor\u00e9 ha retomado directamente esa misma l\u00ednea de acci\u00f3n<\/u><\/a>, distribuyendo 400 tractores y bombas motorizadas a cooperativas rurales en 2025: continuidad en el m\u00e9todo, pero a\u00fan no en la escala. La iniciativa confederal cuenta con mejores recursos, pero se encuentra en una etapa m\u00e1s temprana de su ciclo. <a href=\"https:\/\/www.sidwaya.info\/souverainete-energetique-et-miniere-faire-des-ressources-naturelles-la-force-motrice-dun-sahel-nouveau\/\"><u>Los ministros de Energ\u00eda y Miner\u00eda<\/u><\/a> de la AES, <a href=\"https:\/\/www.sidwaya.info\/souverainete-energetique-et-miniere-faire-des-ressources-naturelles-la-force-motrice-dun-sahel-nouveau\/\"><u>que se reunieron por primera vez<\/u><\/a> en agosto de 2026, declararon que los recursos son \u201cel cimiento de nuestra justicia social\u201d, pero no elaboraron un c\u00f3digo armonizado. N\u00edger <a href=\"https:\/\/www.actuniger.com\/societe\/22278-niger-le-groupe-zimar-sengage-a-mobiliser-1-9-milliard-usd-pour-la-realisation-dune-raffinerie-a-dosso.html\"><u>firm\u00f3<\/u><\/a> en agosto <a href=\"https:\/\/www.actuniger.com\/societe\/22278-niger-le-groupe-zimar-sengage-a-mobiliser-1-9-milliard-usd-pour-la-realisation-dune-raffinerie-a-dosso.html\"><u>un acuerdo de refiner\u00eda por 1.900 millones de d\u00f3lares<\/u><\/a> con el Grupo Zimar de Canad\u00e1 que, hasta ahora, es solo un anuncio y nada m\u00e1s.<\/p>\n\n\n\n<p class=\"wp-block-paragraph\">El control de los recursos ha venido acompa\u00f1ado de un intento igualmente deliberado de controlar la historia que se cuenta sobre ellos. El segundo frente que mencion\u00f3 Damiba, el de controlar y dar forma a la narrativa sobre el proceso, es el m\u00e1s antiguo de todos, dirigido desde Par\u00eds durante ocho d\u00e9cadas. El Tesoro monetario de Francia tambi\u00e9n actuaba como guardi\u00e1n de la informaci\u00f3n de la regi\u00f3n, supervisando los comit\u00e9s que elaboran el an\u00e1lisis econ\u00f3mico oficial de la zona del franco y, a trav\u00e9s de su larga <a href=\"https:\/\/www.jstor.org\/stable\/j.ctv1g6q8w3\"><u>relaci\u00f3n<\/u><\/a> con medios como <em>Jeune Afrique<\/em>, tambi\u00e9n su cobertura pol\u00edtica. La respuesta de la AES ha sido construir su propia infraestructura paralela. <a href=\"https:\/\/www.trtafrika.com\/english\/article\/dc2bafb39806\"><u>AES Television se lanz\u00f3<\/u><\/a> en Bamako en diciembre de 2025 con la presencia de los tres jefes de Estado, con el objetivo expl\u00edcito de contrarrestar la \u201cdesinformaci\u00f3n\u201d y construir una \u201csoberan\u00eda medi\u00e1tica compartida\u201d. La legislatura de Burkina Faso <a href=\"https:\/\/www.capmad.com\/post\/transitional-legislative-assembly-clears-aes-confederal-media-in-burkina-faso\"><u>ratific\u00f3 una radio confederal<\/u><\/a> y un segundo canal de televisi\u00f3n en 2026. Por primera vez desde la independencia, la historia del Sahel se est\u00e1 contando desde Bamako, Uagadug\u00fa y Niamey, y no se dicta desde Par\u00eds.<\/p>\n\n\n\n<h3 class=\"wp-block-heading\"><a><\/a> <strong>Terreno en disputa: fe, armas y legitimidad<\/strong><\/h3>\n\n\n\n<p class=\"wp-block-paragraph\">Cuando los Estados de la AES han intentado otorgar a su reclamo de soberan\u00eda una legitimidad anterior a 2023, han recurrido a la historia. Los propios documentos de planificaci\u00f3n de Mali fundamentan la soberan\u00eda econ\u00f3mica expl\u00edcitamente en la gobernanza precolonial \u2014citando la Carta de Manden de 1236, los c\u00f3digos legales del Imperio de Massina y la tradici\u00f3n de manuscritos de Tombuct\u00fa\u2014, y en el argumento de que el desarrollo end\u00f3geno <a href=\"https:\/\/thetricontinental.org\/dossier-sahel-alliance-sovereignty\/\"><u>requiere<\/u><\/a> legitimidad end\u00f3gena, no solo capital end\u00f3geno. Desde entonces, ese argumento ha adquirido car\u00e1cter institucional: los tres ministros de Cultura <a href=\"https:\/\/www.aa.com.tr\/fr\/afrique\/les-pays-de-l-aes-signent-un-m%C3%A9morandum-d-entente-sur-la-politique-culturelle-commune-de-leur-espace\/3472759\"><u>firmaron una pol\u00edtica cultural com\u00fan de la AES<\/u><\/a> en S\u00e9gou en febrero de 2025, y <a href=\"https:\/\/www.maliweb.net\/contributions\/2026-2027-annees-de-la-culture-et-de-leducation-un-pari-politique-majeur-3114107.html\"><u>la reforma educativa<\/u><\/a> de Mali <a href=\"https:\/\/www.maliweb.net\/contributions\/2026-2027-annees-de-la-culture-et-de-leducation-un-pari-politique-majeur-3114107.html\"><u>para 2026-27<\/u><\/a> defiende expl\u00edcitamente la importancia de la lengua: \u201cninguna naci\u00f3n puede construir una soberan\u00eda intelectual, cient\u00edfica y cultural duradera sin otorgar un lugar central a sus lenguas\u201d. Lo que nada de esto alcanza a\u00fan es la transformaci\u00f3n espiritual espec\u00edficamente, a diferencia de la pol\u00edtica cultural o ling\u00fc\u00edstica. Nada en los propios documentos de los Estados de la AES ni en los informes sobre ellos trata las pr\u00e1cticas religiosas o tradicionales-espirituales como una dimensi\u00f3n propia del proyecto de soberan\u00eda, y esa es una laguna genuina en lo que realmente se ha construido, no solo en lo que se ha escrito al respecto.<\/p>\n\n\n\n<p class=\"wp-block-paragraph\">La reivindicaci\u00f3n de legitimidad que los gobiernos de la AES no decidieron rebatir es la contrarrevoluci\u00f3n armada, enmarcada en t\u00e9rminos religiosos, que ocupa su propio territorio. La insurgencia se explica mejor por lo que el Estado dej\u00f3 de hacer, no solo por la teolog\u00eda. Reconstruir esa capacidad rural es exactamente lo que est\u00e1 haciendo ahora el frente de transformaci\u00f3n productiva de la AES: <a href=\"https:\/\/peoplesdispatch.org\/2025\/08\/04\/sankaras-revolution-rises-again\/\"><u>distribuir<\/u><\/a> la maquinaria a las cooperativas rurales. El ajuste estructural de la d\u00e9cada de 1980 recort\u00f3 los servicios veterinarios, la extensi\u00f3n agr\u00edcola y las reservas de granos que hab\u00edan sostenido los medios de vida rurales. Katibat Macina (fundada por Amadou Kouffa, miembro fundador de JNIM), formada en el centro de Mali en 2015, llen\u00f3 el vac\u00edo resultante al abolir por completo las cuotas de pastoreo, un alivio material que <a href=\"https:\/\/thetricontinental.org\/dossier-class-struggle-climate-sahel\/\"><u>explica<\/u><\/a>, m\u00e1s que la doctrina, el reclutamiento.<\/p>\n\n\n\n<p class=\"wp-block-paragraph\">El movimiento yihadista no es doctrinalmente uniforme: la escisi\u00f3n de 2019 entre el JNIM (Jama\u2019a Nusrat ul-Islam wa al-Muslimin, uno de los grupos armados yihadistas m\u00e1s activos actualmente en Mali) y el Estado Isl\u00e1mico del Gran S\u00e1hara se debi\u00f3 en parte al llamado del ISGS a la colectivizaci\u00f3n de la tierra, un desaf\u00edo directo a la posici\u00f3n de clase de los jefes pastorales que los propios grupos que integran el JNIM hab\u00edan preservado. Y en los casos en que el despojo se ha canalizado hacia la violencia \u00e9tnica \u2014como ocurri\u00f3 con el asesinato de aproximadamente 160 civiles fulani en Ogossagou, en el centro de Mali, en 2019, a manos de la milicia dogon Dan Na Ambassagou\u2014, el objetivo ha sido el equivocado: las comunidades fulani, y no las \u00e9lites pastorales y administrativas responsables del despojo. El JNIM es, en cualquier caso, abiertamente hostil al proyecto de la AES: en un video de diciembre de 2023, su l\u00edder, <a href=\"https:\/\/www.counterextremism.com\/extremists\/iyad-ag-ghaly\"><u>Iyad Ag Ghaly,<\/u><\/a> inst\u00f3 a sus seguidores a luchar contra los \u201cgobiernos traicioneros\u201d de Mali, N\u00edger y Burkina Faso junto a sus aliados rusos, utilizando un lenguaje antiimperialista para un proyecto que defiende a las mismas \u00e9lites que las propias reformas de la AES amenazan. No se trata de una reivindicaci\u00f3n de soberan\u00eda rival; es un despojo defendido como resistencia, impuesto sobre la misma poblaci\u00f3n que la AES est\u00e1 tratando de ganarse.<\/p>\n\n\n\n<p class=\"wp-block-paragraph\">Sobre el terreno, las fuerzas del JNIM y del FLA (Frente de Liberaci\u00f3n de Azawad) siguen siendo capaces de infligir p\u00e9rdidas reales. En abril de 2026, una ofensiva <a href=\"https:\/\/sofrep.com\/news\/mission-accomplished-undone-africa-corps-loses-ground-wagner-once-held-in-mali\/\"><u>tom\u00f3<\/u><\/a> la ciudad norte\u00f1a de Kidal en menos de 24 horas, y el ministro de Defensa de Mali, el general Sadio Camara, fue asesinado ese mismo d\u00eda. Se trata de un frente genuinamente disputado, no de uno resuelto. A nivel interno, los VDP (Voluntarios para la Defensa de la Patria) de Burkina Faso y los \u201cvoluntarios\u201d del cant\u00f3n de Kourfey, recientemente <a href=\"https:\/\/afrikinfos-mali.com\/2026\/08\/17\/niger-des-jeunes-de-kourfey-mobilises-comme-volontaires-pour-renforcer-la-securite-a-filingue\/\"><u>movilizados<\/u><\/a> en N\u00edger, extienden el alcance del Estado directamente a las comunidades locales: este es el tipo de defensa popular del que hablan los l\u00edderes de la AES.<\/p>\n\n\n\n<h3 class=\"wp-block-heading\"><a><\/a> <strong>La diplomacia en el extranjero y lo que realmente ha cambiado de manos<\/strong><\/h3>\n\n\n\n<p class=\"wp-block-paragraph\">La diplomacia soberana es el frente en el que la AES ha construido la red m\u00e1s amplia de socios que cualquier gobierno saheliano haya reunido desde la independencia, trabajando a trav\u00e9s de canales que Francia o la CEDEAO nunca han autorizado. <a href=\"https:\/\/mondafrique.com\/decryptage\/sahel-cascade-de-liberations-et-de-mediations-complexe\/\"><u>La liberaci\u00f3n<\/u><\/a> este mes <a href=\"https:\/\/mondafrique.com\/decryptage\/sahel-cascade-de-liberations-et-de-mediations-complexe\/\"><u>de 82 soldados malienses<\/u><\/a> retenidos por las FLA se negoci\u00f3 a trav\u00e9s de Marruecos, Catar, Argelia, la Rep\u00fablica del Congo, Togo y la Libia de Khalifa Haftar, un conjunto verdaderamente diversificado de relaciones forjadas en menos de tres a\u00f1os. <a href=\"https:\/\/www.afrik.com\/rapprochement-avec-alger-pourquoi-bamako-a-fini-par-ceder\"><u>La normalizaci\u00f3n<\/u><\/a> de relaciones entre Mali y Argelia en julio de 2026 sigui\u00f3 la misma l\u00f3gica, reabriendo un canal a trav\u00e9s del corredor de An\u00e9fis. El ministro de Relaciones Exteriores, Abdoulaye Diop, <a href=\"https:\/\/apanews.net\/mali-urges-africa-to-build-technological-autonomy\/\"><u>declar\u00f3<\/u><\/a> en una conferencia de seguridad celebrada en agosto en Kigali que la AES representa un \u201cliderazgo aut\u00e9nticamente africano\u201d: la misma reivindicaci\u00f3n de una diplomacia independiente que Bakary y Sankara hicieron antes que \u00e9l, ahora respaldada por una red de trabajo m\u00e1s amplia que la que cualquiera de ellos tuvo.<\/p>\n\n\n\n<p class=\"wp-block-paragraph\">Cada una de las rupturas hist\u00f3ricas aqu\u00ed descritas termin\u00f3 de la misma manera: mediante presi\u00f3n externa combinada con un actor interno dispuesto a intercambiar soberan\u00eda por poder. Lo que est\u00e1 sucediendo hoy en la AES es una ruptura real, aunque incompleta, con el pasado. Se est\u00e1n construyendo instituciones y se est\u00e1 afirmando el control de los recursos, aunque a\u00fan no se est\u00e1 materializando plenamente. Los ingresos por recursos que antes flu\u00edan a trav\u00e9s de concesionarios franceses ahora se distribuyen, de manera desigual, entre la SOPAMIB, la SOPAMIN y los propios fondos mineros. La refiner\u00eda de oro respaldada por Rusia y el proyecto chino de litio en Goulamina responden a una l\u00f3gica de acumulaci\u00f3n diferente a la de Orano y Endeavour Mining. Esta es la esencia material de la reivindicaci\u00f3n de soberan\u00eda. Es real, incluso cuando, como en el caso del uranio sin vender de N\u00edger, a\u00fan no se ha convertido en ingresos.<\/p>\n\n\n\n<p class=\"wp-block-paragraph\">Lo que describen los siete frentes de Damiba no es una sola reforma, sino un intento, de apenas tres a\u00f1os de antig\u00fcedad, de reconstruir la soberan\u00eda en todas las dimensiones de la vida a la vez: moneda, miner\u00eda, cultura, fe, alimentaci\u00f3n y defensa, todas juntas, frente a un enemigo que sigue trabajando para revertirlo. La AES busca alcanzar lo que Ke\u00efta, Bakary y Sankara buscaron y perdieron. Esta vez con m\u00e1s territorio, m\u00e1s aliados y una confederaci\u00f3n formada por tres estados, en lugar de un solo gobierno que act\u00fae en solitario. El poder popular que este proyecto reivindica como su fundamento \u2014la misma movilizaci\u00f3n ciudadana que Damiba describi\u00f3 en La Habana\u2014 es lo que lo ha llevado hasta aqu\u00ed y en lo que conf\u00eda para seguir avanzando.<\/p>\n","protected":false},"excerpt":{"rendered":"<p>El 24 de agosto de 2026, 45 diputados ocuparon sus esca\u00f1os en el centro de conferencias Mahatma Gandhi de Niamey para la sesi\u00f3n inaugural del Parlamento Confederal de la Alianza de Estados del Sahel (AES), 15 de Mali, 15 de Burkina Faso y 15 de N\u00edger. Se trata de la \u00faltima pieza importante de una [&hellip;]<\/p>\n","protected":false},"author":4,"featured_media":12837,"comment_status":"closed","ping_status":"closed","sticky":false,"template":"","format":"standard","meta":{"_acf_changed":false,"footnotes":""},"categories":[159],"tags":[175,176],"class_list":["post-12838","post","type-post","status-publish","format-standard","has-post-thumbnail","hentry","category-articles","tag-antiimperialismo","tag-poder-politico-es"],"blocksy_meta":{"styles_descriptor":{"styles":{"desktop":"","tablet":"","mobile":""},"google_fonts":[],"version":7}},"acf":[],"_links":{"self":[{"href":"https:\/\/ipa-aip.org\/es\/wp-json\/wp\/v2\/posts\/12838","targetHints":{"allow":["GET"]}}],"collection":[{"href":"https:\/\/ipa-aip.org\/es\/wp-json\/wp\/v2\/posts"}],"about":[{"href":"https:\/\/ipa-aip.org\/es\/wp-json\/wp\/v2\/types\/post"}],"author":[{"embeddable":true,"href":"https:\/\/ipa-aip.org\/es\/wp-json\/wp\/v2\/users\/4"}],"replies":[{"embeddable":true,"href":"https:\/\/ipa-aip.org\/es\/wp-json\/wp\/v2\/comments?post=12838"}],"version-history":[{"count":1,"href":"https:\/\/ipa-aip.org\/es\/wp-json\/wp\/v2\/posts\/12838\/revisions"}],"predecessor-version":[{"id":12839,"href":"https:\/\/ipa-aip.org\/es\/wp-json\/wp\/v2\/posts\/12838\/revisions\/12839"}],"wp:featuredmedia":[{"embeddable":true,"href":"https:\/\/ipa-aip.org\/es\/wp-json\/wp\/v2\/media\/12837"}],"wp:attachment":[{"href":"https:\/\/ipa-aip.org\/es\/wp-json\/wp\/v2\/media?parent=12838"}],"wp:term":[{"taxonomy":"category","embeddable":true,"href":"https:\/\/ipa-aip.org\/es\/wp-json\/wp\/v2\/categories?post=12838"},{"taxonomy":"post_tag","embeddable":true,"href":"https:\/\/ipa-aip.org\/es\/wp-json\/wp\/v2\/tags?post=12838"}],"curies":[{"name":"wp","href":"https:\/\/api.w.org\/{rel}","templated":true}]}}